{"id":122479,"date":"2020-02-21T15:00:23","date_gmt":"2020-02-21T14:00:23","guid":{"rendered":"https:\/\/zjarr.tv\/?p=122479"},"modified":"2020-02-21T15:00:23","modified_gmt":"2020-02-21T14:00:23","slug":"meta-etilda-gjonaj-te-jape-doreheqjen-shkelje-te-renda","status":"publish","type":"post","link":"https:\/\/zjarr.tv\/sq\/meta-etilda-gjonaj-te-jape-doreheqjen-shkelje-te-renda\/","title":{"rendered":"Meta: Etilda Gjonaj t\u00eb jap\u00eb dor\u00ebheqjen, shkelje t\u00eb r\u00ebnda"},"content":{"rendered":"<p>Presidenti Ilir Meta ka paralajm\u00ebruar se brenda dit\u00ebs s\u00eb h\u00ebn\u00eb do t\u00eb kall\u00ebzoj\u00eb penalisht ministren e Drejt\u00ebsis\u00eb, Etilda Gjonaj.<\/p>\n<p>Sipas Kreut t\u00eb Shtetit, ministrja akuzohet p\u00ebr disa vepra penale. Meta ka deklaruar se Gjonaj duhet t\u00eb jap\u00eb dor\u00ebheqjen nga kjo detyr\u00eb dhe t\u00eb p\u00ebrballet me padin\u00eb e tij, si qytetare.<\/p>\n<p>\u2018T\u00eb gjith\u00eb qytetar\u00ebt shqiptar\u00eb dhe partneritetet nd\u00ebrkomb\u00ebtare u njoh\u00ebn dje me veprat penale t\u00eb shp\u00ebrdorimit t\u00eb detyr\u00ebs dhe falsifikimit flagrant t\u00eb kryera nga institucionit t\u00eb ministrit t\u00eb Drejt\u00ebsis\u00eb, lidhur me KED.<\/p>\n<p>Provat do ia dor\u00ebzojm\u00eb SPAK, ku rezulton se \u00ebsht\u00eb p\u00ebrfshir\u00eb drejtp\u00ebrdrejt\u00eb Etilda Gjonaj, por dhe funksionar\u00eb t\u00eb lart\u00eb t\u00eb k\u00ebtij institucioni, n\u00eb var\u00ebsi t\u00eb saj, n\u00eb llogari t\u00eb skenarit mafioz t\u00eb kapjes s\u00eb Gjykat\u00ebs Kushtetuese. Gjonaj ka urdh\u00ebruar Sekretarin e P\u00ebrgjithsh\u00ebm t\u00eb d\u00ebrgonte p\u00ebr botim n\u00eb Fletoren Zyrtare nj\u00eb vendim, q\u00eb duhet botuar vet\u00ebm n\u00eb faqen e Gjykat\u00ebs Kushtetuese. Ministrja nuk ka asnj\u00eb rol t\u00eb d\u00ebrgoj\u00eb aktet e KED p\u00ebr botim. Ka urdh\u00ebruar botimin pa ia k\u00ebrkuar askush.<\/p>\n<p>Ministrja ka shp\u00ebrdoruar detyr\u00ebn, falsifikim dhe nd\u00ebrhyrje e paligjshme n\u00eb proces. Brenda dit\u00ebs s\u00eb h\u00ebn\u00eb do depozitoj pran\u00eb SPAK kall\u00ebzimin penal ndaj ministres Etilda Gjonaj dhe jo vet\u00ebm\u2019, tha gjat\u00eb fjal\u00ebs s\u00eb tij presidenti Meta.<\/p>\n","protected":false},"excerpt":{"rendered":"<p>Presidenti Ilir Meta ka paralajm\u00ebruar se brenda dit\u00ebs s\u00eb h\u00ebn\u00eb do t\u00eb kall\u00ebzoj\u00eb penalisht ministren e Drejt\u00ebsis\u00eb, Etilda Gjonaj. Sipas Kreut t\u00eb Shtetit, ministrja akuzohet p\u00ebr disa vepra penale. Meta ka deklaruar se Gjonaj duhet t\u00eb jap\u00eb dor\u00ebheqjen nga kjo detyr\u00eb dhe t\u00eb p\u00ebrballet me padin\u00eb e tij, si qytetare. \u2018T\u00eb gjith\u00eb qytetar\u00ebt shqiptar\u00eb dhe [&hellip;]<\/p>\n","protected":false},"author":2013,"featured_media":113948,"comment_status":"open","ping_status":"closed","sticky":false,"template":"","format":"standard","meta":{"footnotes":""},"categories":[241,235],"tags":[],"class_list":{"0":"post-122479","1":"post","2":"type-post","3":"status-publish","4":"format-standard","5":"has-post-thumbnail","7":"category-aktualitet","8":"category-vendi"},"_links":{"self":[{"href":"https:\/\/zjarr.tv\/sq\/wp-json\/wp\/v2\/posts\/122479","targetHints":{"allow":["GET"]}}],"collection":[{"href":"https:\/\/zjarr.tv\/sq\/wp-json\/wp\/v2\/posts"}],"about":[{"href":"https:\/\/zjarr.tv\/sq\/wp-json\/wp\/v2\/types\/post"}],"author":[{"embeddable":true,"href":"https:\/\/zjarr.tv\/sq\/wp-json\/wp\/v2\/users\/2013"}],"replies":[{"embeddable":true,"href":"https:\/\/zjarr.tv\/sq\/wp-json\/wp\/v2\/comments?post=122479"}],"version-history":[{"count":0,"href":"https:\/\/zjarr.tv\/sq\/wp-json\/wp\/v2\/posts\/122479\/revisions"}],"wp:featuredmedia":[{"embeddable":true,"href":"https:\/\/zjarr.tv\/sq\/wp-json\/wp\/v2\/media\/113948"}],"wp:attachment":[{"href":"https:\/\/zjarr.tv\/sq\/wp-json\/wp\/v2\/media?parent=122479"}],"wp:term":[{"taxonomy":"category","embeddable":true,"href":"https:\/\/zjarr.tv\/sq\/wp-json\/wp\/v2\/categories?post=122479"},{"taxonomy":"post_tag","embeddable":true,"href":"https:\/\/zjarr.tv\/sq\/wp-json\/wp\/v2\/tags?post=122479"}],"curies":[{"name":"wp","href":"https:\/\/api.w.org\/{rel}","templated":true}]}}