{"id":122481,"date":"2020-02-21T15:19:02","date_gmt":"2020-02-21T14:19:02","guid":{"rendered":"https:\/\/zjarr.tv\/?p=122481"},"modified":"2020-02-21T15:19:02","modified_gmt":"2020-02-21T14:19:02","slug":"reagon-ministrja-e-drejtesise-jam-e-gatshme-ti-pergjigjem-ligjerisht","status":"publish","type":"post","link":"https:\/\/zjarr.tv\/sq\/reagon-ministrja-e-drejtesise-jam-e-gatshme-ti-pergjigjem-ligjerisht\/","title":{"rendered":"Reagon Ministrja e Drejt\u00ebsis\u00eb: Jam e gatshme t\u2019i p\u00ebrgjigjem ligj\u00ebrisht"},"content":{"rendered":"<p>Pas akuzave n\u00eb adres\u00eb t\u00eb saj, b\u00ebr\u00eb nga presidenti i Republik\u00ebs, Ministrja Etilda Gjonaj, thyen heshtjen p\u00ebrmes rrjeteve sociale.<\/p>\n<p>\u201cJam e gatshme t\u2019i p\u00ebrgjigjem ligj\u00ebrisht, me t\u00eb gjith\u00eb p\u00ebrgjegj\u00ebsin\u00eb po edhe me krenarin\u00eb q\u00eb i p\u00ebrkas Frontit t\u00eb Reform\u00ebs n\u00eb Drejt\u00ebsi, denigruesit\u00a0 bot\u00ebrisht t\u00eb njohur t\u00eb k\u00ebsaj reforme jetike! Sa p\u00ebr dor\u00ebheqjen zot\u00ebria ka n\u00eb dor\u00eb vet\u00ebm t\u00eb tij\u00ebn dhe t\u00eb askujt tjet\u00ebr.<\/p>\n<p>E p\u00ebrsh\u00ebndes Presidentin q\u00eb pas disa shfaqjesh publike pa ekuilib\u00ebr etik, ka zgjedhur t\u2019i drejtohet SPAK me nj\u00eb kallzim penal p\u00ebr mua; nj\u00eb marr\u00ebzi e radh\u00ebs po t\u00eb pakt\u00ebn n\u00eb rrug\u00eb institucionale, madje drejt nj\u00eb institucioni t\u00eb dal\u00eb nga Reforma q\u00eb ai lufton pa fre!\u201d shkruan Gjonaj.<\/p>\n<figure id=\"attachment_1239186\" class=\"wp-caption alignnone\"><a href=\"https:\/\/www.balkanweb.com\/wp-content\/uploads\/2020\/02\/WhatsApp-Image-2020-02-21-at-3.15.19-PM-365x350.jpeg\" rel=\"lightbox\"><img loading=\"lazy\" decoding=\"async\" class=\"size-large wp-image-1239186\" src=\"https:\/\/www.balkanweb.com\/wp-content\/uploads\/2020\/02\/WhatsApp-Image-2020-02-21-at-3.15.19-PM-365x350.jpeg\" sizes=\"auto, (max-width: 365px) 100vw, 365px\" srcset=\"https:\/\/www.balkanweb.com\/wp-content\/uploads\/2020\/02\/WhatsApp-Image-2020-02-21-at-3.15.19-PM-365x350.jpeg 365w, https:\/\/www.balkanweb.com\/wp-content\/uploads\/2020\/02\/WhatsApp-Image-2020-02-21-at-3.15.19-PM-292x280.jpeg 292w, https:\/\/www.balkanweb.com\/wp-content\/uploads\/2020\/02\/WhatsApp-Image-2020-02-21-at-3.15.19-PM-768x737.jpeg 768w, https:\/\/www.balkanweb.com\/wp-content\/uploads\/2020\/02\/WhatsApp-Image-2020-02-21-at-3.15.19-PM-274x263.jpeg 274w, https:\/\/www.balkanweb.com\/wp-content\/uploads\/2020\/02\/WhatsApp-Image-2020-02-21-at-3.15.19-PM-83x80.jpeg 83w, https:\/\/www.balkanweb.com\/wp-content\/uploads\/2020\/02\/WhatsApp-Image-2020-02-21-at-3.15.19-PM-469x450.jpeg 469w, https:\/\/www.balkanweb.com\/wp-content\/uploads\/2020\/02\/WhatsApp-Image-2020-02-21-at-3.15.19-PM.jpeg 1024w\" alt=\"Whatsapp Image 2020 02 21 At 3.15.19 Pm\" width=\"365\" height=\"350\" \/><\/a><\/figure>\n","protected":false},"excerpt":{"rendered":"<p>Pas akuzave n\u00eb adres\u00eb t\u00eb saj, b\u00ebr\u00eb nga presidenti i Republik\u00ebs, Ministrja Etilda Gjonaj, thyen heshtjen p\u00ebrmes rrjeteve sociale. \u201cJam e gatshme t\u2019i p\u00ebrgjigjem ligj\u00ebrisht, me t\u00eb gjith\u00eb p\u00ebrgjegj\u00ebsin\u00eb po edhe me krenarin\u00eb q\u00eb i p\u00ebrkas Frontit t\u00eb Reform\u00ebs n\u00eb Drejt\u00ebsi, denigruesit\u00a0 bot\u00ebrisht t\u00eb njohur t\u00eb k\u00ebsaj reforme jetike! Sa p\u00ebr dor\u00ebheqjen zot\u00ebria ka n\u00eb [&hellip;]<\/p>\n","protected":false},"author":2013,"featured_media":99668,"comment_status":"open","ping_status":"closed","sticky":false,"template":"","format":"standard","meta":{"footnotes":""},"categories":[241,235],"tags":[],"class_list":{"0":"post-122481","1":"post","2":"type-post","3":"status-publish","4":"format-standard","5":"has-post-thumbnail","7":"category-aktualitet","8":"category-vendi"},"_links":{"self":[{"href":"https:\/\/zjarr.tv\/sq\/wp-json\/wp\/v2\/posts\/122481","targetHints":{"allow":["GET"]}}],"collection":[{"href":"https:\/\/zjarr.tv\/sq\/wp-json\/wp\/v2\/posts"}],"about":[{"href":"https:\/\/zjarr.tv\/sq\/wp-json\/wp\/v2\/types\/post"}],"author":[{"embeddable":true,"href":"https:\/\/zjarr.tv\/sq\/wp-json\/wp\/v2\/users\/2013"}],"replies":[{"embeddable":true,"href":"https:\/\/zjarr.tv\/sq\/wp-json\/wp\/v2\/comments?post=122481"}],"version-history":[{"count":0,"href":"https:\/\/zjarr.tv\/sq\/wp-json\/wp\/v2\/posts\/122481\/revisions"}],"wp:featuredmedia":[{"embeddable":true,"href":"https:\/\/zjarr.tv\/sq\/wp-json\/wp\/v2\/media\/99668"}],"wp:attachment":[{"href":"https:\/\/zjarr.tv\/sq\/wp-json\/wp\/v2\/media?parent=122481"}],"wp:term":[{"taxonomy":"category","embeddable":true,"href":"https:\/\/zjarr.tv\/sq\/wp-json\/wp\/v2\/categories?post=122481"},{"taxonomy":"post_tag","embeddable":true,"href":"https:\/\/zjarr.tv\/sq\/wp-json\/wp\/v2\/tags?post=122481"}],"curies":[{"name":"wp","href":"https:\/\/api.w.org\/{rel}","templated":true}]}}