{"id":122490,"date":"2020-02-21T16:08:20","date_gmt":"2020-02-21T15:08:20","guid":{"rendered":"https:\/\/zjarr.tv\/?p=122490"},"modified":"2020-02-21T16:08:20","modified_gmt":"2020-02-21T15:08:20","slug":"akuzat-ndaj-etilda-gjonajt-bardhi-mos-u-fshih-pas-sms-ve-te-shefit-por-jep-llogari","status":"publish","type":"post","link":"https:\/\/zjarr.tv\/sq\/akuzat-ndaj-etilda-gjonajt-bardhi-mos-u-fshih-pas-sms-ve-te-shefit-por-jep-llogari\/","title":{"rendered":"Akuzat ndaj Etilda Gjonajt\/ Bardhi: Mos u fshih pas sms-ve t\u00eb shefit, por jep llogari"},"content":{"rendered":"<p>Pas akuzave t\u00eb presidentit Ilir Meta n\u00eb adres\u00eb t\u00eb ministres s\u00eb drejt\u00ebsis\u00eb Etilda Gjonaj, reagon edhe sekretari i P\u00ebrgjithsh\u00ebm i PD, Gazment Bardhi.<\/p>\n<p>P\u00ebrmes nj\u00eb postimi n\u00eb Facebook, numri dy i selis\u00eb blu i k\u00ebrkon Gjonajt t\u00eb mos fshihet pas sms-ve t\u00eb shefit t\u00eb saj politik, por t\u00eb jap\u00eb llogari p\u00ebr shkljet e kryera.<\/p>\n<p>Sipas Bardhit, heshtja p\u00ebr k\u00ebt\u00eb krim \u00ebsht\u00eb pohim.<\/p>\n<p>\u201cNuk ka asnj\u00eb detyr\u00eb m\u00eb t\u00eb r\u00ebnd\u00ebsishme tani p\u00ebr SPAK sesa hetimi i krimit kushtetues p\u00ebr kapjen e Gjykat\u00ebs Kushtetuese nga organizata mafioze n\u00eb pushtet. N\u00eb vend t\u00eb lojrave me sms-t\u00eb e shefit, Etilda Gjonaj duhet t\u00eb thot\u00eb sot pse shkeli ligjin dhe Kushtetut\u00ebn. Duhet t\u00eb mos fshihet pas sms-ve t\u00eb shefit, por t\u00eb jap\u00eb llogari pse veproi si sekretare e Ardian Dvoranit p\u00ebr t\u00eb grabitur padrejt\u00ebsisht nj\u00eb vend n\u00eb Gjykat\u00ebn Kushtetuese p\u00ebr llogari t\u00eb Edi Ram\u00ebs. Heshtja p\u00ebr krimin e kryer \u00ebsht\u00eb pohim! Ai duhet hetuar dhe nd\u00ebshkuar!\u201d, shkruan Bardhi n\u00eb nj\u00eb reagim t\u00eb tijin n\u00eb Facebook.<\/p>\n<p>Pas publikimit t\u00eb fakteve t\u00eb nj\u00eb dit\u00eb m\u00eb par\u00eb, Presidenti i Republik\u00ebs, Ilir Meta hodhi akuza mbi ministren e Drejt\u00ebsis\u00eb, Etilda Gjonaj, q\u00eb sipas kreut t\u00eb shtetit \u00ebsht\u00eb e p\u00ebrfshir\u00eb drejtp\u00ebrdrejt\u00eb n\u00eb kapjen e Gjykat\u00ebs Kushtetuese.<\/p>\n<p>Meta u shpreh se do t\u00eb dor\u00ebzoj\u00eb kall\u00ebzimin n\u00eb SPAK p\u00ebr Gjonajn, duke i k\u00ebrkuar asaj t\u00eb dor\u00ebhiqet p\u00ebr ti p\u00ebrballur me drejt\u00ebsin\u00eb si ish-ministre.<\/p>\n<p>&#8220;N\u00eb k\u00ebt\u00eb tentativ\u00eb flagrante p\u00ebr grusht shteti bazuar mbi provat e b\u00ebr\u00eb publike dit\u00ebn e djeshme q\u00eb do ti dor\u00ebzohen SPAK rezulton t\u00eb jet\u00eb p\u00ebrfshir\u00eb drejtp\u00ebrdrejt ministrja e Drejt\u00ebsis\u00eb, znj. Etilda Gjonaj, por edhe funksionar\u00eb t\u00eb lart\u00eb t\u00eb k\u00ebtij institucioni n\u00eb var\u00ebsi t\u00eb saj p\u00ebr llogari t\u00eb skenarit mafioz t\u00eb kapjes s\u00eb Gjykat\u00ebs Kushtetuese duke p\u00ebrvet\u00ebsuar\u00a0 n\u00eb m\u00ebnyr\u00eb mafioze nj\u00eb kompetenca q\u00eb Kushtetua ia jep Presidentit&#8221;, tha presidenti Meta gjat\u00eb konferenc\u00ebs s\u00eb sotme p\u00ebr mediat.<\/p>\n","protected":false},"excerpt":{"rendered":"<p>Pas akuzave t\u00eb presidentit Ilir Meta n\u00eb adres\u00eb t\u00eb ministres s\u00eb drejt\u00ebsis\u00eb Etilda Gjonaj, reagon edhe sekretari i P\u00ebrgjithsh\u00ebm i PD, Gazment Bardhi. P\u00ebrmes nj\u00eb postimi n\u00eb Facebook, numri dy i selis\u00eb blu i k\u00ebrkon Gjonajt t\u00eb mos fshihet pas sms-ve t\u00eb shefit t\u00eb saj politik, por t\u00eb jap\u00eb llogari p\u00ebr shkljet e kryera. Sipas [&hellip;]<\/p>\n","protected":false},"author":2013,"featured_media":88543,"comment_status":"open","ping_status":"closed","sticky":false,"template":"","format":"standard","meta":{"footnotes":""},"categories":[241,235],"tags":[],"class_list":{"0":"post-122490","1":"post","2":"type-post","3":"status-publish","4":"format-standard","5":"has-post-thumbnail","7":"category-aktualitet","8":"category-vendi"},"_links":{"self":[{"href":"https:\/\/zjarr.tv\/sq\/wp-json\/wp\/v2\/posts\/122490","targetHints":{"allow":["GET"]}}],"collection":[{"href":"https:\/\/zjarr.tv\/sq\/wp-json\/wp\/v2\/posts"}],"about":[{"href":"https:\/\/zjarr.tv\/sq\/wp-json\/wp\/v2\/types\/post"}],"author":[{"embeddable":true,"href":"https:\/\/zjarr.tv\/sq\/wp-json\/wp\/v2\/users\/2013"}],"replies":[{"embeddable":true,"href":"https:\/\/zjarr.tv\/sq\/wp-json\/wp\/v2\/comments?post=122490"}],"version-history":[{"count":0,"href":"https:\/\/zjarr.tv\/sq\/wp-json\/wp\/v2\/posts\/122490\/revisions"}],"wp:featuredmedia":[{"embeddable":true,"href":"https:\/\/zjarr.tv\/sq\/wp-json\/wp\/v2\/media\/88543"}],"wp:attachment":[{"href":"https:\/\/zjarr.tv\/sq\/wp-json\/wp\/v2\/media?parent=122490"}],"wp:term":[{"taxonomy":"category","embeddable":true,"href":"https:\/\/zjarr.tv\/sq\/wp-json\/wp\/v2\/categories?post=122490"},{"taxonomy":"post_tag","embeddable":true,"href":"https:\/\/zjarr.tv\/sq\/wp-json\/wp\/v2\/tags?post=122490"}],"curies":[{"name":"wp","href":"https:\/\/api.w.org\/{rel}","templated":true}]}}