{"id":122492,"date":"2020-02-21T16:26:16","date_gmt":"2020-02-21T15:26:16","guid":{"rendered":"https:\/\/zjarr.tv\/?p=122492"},"modified":"2020-02-21T16:26:16","modified_gmt":"2020-02-21T15:26:16","slug":"maliqi-ironi-me-gjonajn-rilindje-e-djallezuar","status":"publish","type":"post","link":"https:\/\/zjarr.tv\/sq\/maliqi-ironi-me-gjonajn-rilindje-e-djallezuar\/","title":{"rendered":"Maliqi, ironi me Gjonajn: Rilindje e djall\u00ebzuar\u2026"},"content":{"rendered":"<p>Deputeti i opozit\u00ebs parlamentare, Lefter Maliqi, ka komentuar p\u00ebrplasjen mes Presidentit Meta dhe Etilda Gjonajt, ku i thot\u00eb ministres s\u00eb Drejt\u00ebsis\u00eb se boshti i saj i ekuilibrit \u00ebsht\u00eb Rilindja e Djall\u00ebzuar.<\/p>\n<p>Gjonaj n\u00eb reagimin pasi Meta i k\u00ebrkoi dor\u00ebheqjen, shkruante se ajo \u00ebsht\u00eb krenare q\u00eb \u00ebsht\u00eb pjes\u00eb e Frontit t\u00eb Reform\u00ebs n\u00eb Drejt\u00ebsi por Maliqi ironizon duke th\u00ebn\u00eb se boshti i saj i ekuilibrit \u00ebsht\u00eb treshja Fatmir Xhafaj, Edi Rama dhe ambasadori i BE Luigi Soreca.<\/p>\n<p><strong>STATUSI I LEFTER MALIQIT<\/strong><\/p>\n<p>\u201dGjonaj krenare si pjese e frontit demokratik popullor te Reformes ne Drejtesi.Gjonaj front i Reformes se Xhafes katror Gonit te droges dhe Fatmirit eprorit te saj. S\u2019keni pare gje akoma .Gjonaj qe sdrejton dot Drejtorin e Pergjithshem te Burgjeve pa nivel e me te shkuar te erret .Gjonaj cilson Meten pa ekuliber politik,pasi sipas saj boshti i ekulibrit politik dhe i karrieres se saj ,mqse nuk eshte as deputete ,mbetet treshja Xhafa i harruar,Rama i permalluar dhe Soreca i palestruar = Rilindje djall\u00ebzuar. S\u2019keni pare gje akoma\u201d- shkruan Maliqi.<\/p>\n<div id=\"fb-root\" class=\" fb_reset\">\n<div>\n<div><\/div>\n<\/div>\n<\/div>\n","protected":false},"excerpt":{"rendered":"<p>Deputeti i opozit\u00ebs parlamentare, Lefter Maliqi, ka komentuar p\u00ebrplasjen mes Presidentit Meta dhe Etilda Gjonajt, ku i thot\u00eb ministres s\u00eb Drejt\u00ebsis\u00eb se boshti i saj i ekuilibrit \u00ebsht\u00eb Rilindja e Djall\u00ebzuar. Gjonaj n\u00eb reagimin pasi Meta i k\u00ebrkoi dor\u00ebheqjen, shkruante se ajo \u00ebsht\u00eb krenare q\u00eb \u00ebsht\u00eb pjes\u00eb e Frontit t\u00eb Reform\u00ebs n\u00eb Drejt\u00ebsi por Maliqi [&hellip;]<\/p>\n","protected":false},"author":2013,"featured_media":122493,"comment_status":"open","ping_status":"closed","sticky":false,"template":"","format":"standard","meta":{"footnotes":""},"categories":[241,235],"tags":[],"class_list":{"0":"post-122492","1":"post","2":"type-post","3":"status-publish","4":"format-standard","5":"has-post-thumbnail","7":"category-aktualitet","8":"category-vendi"},"_links":{"self":[{"href":"https:\/\/zjarr.tv\/sq\/wp-json\/wp\/v2\/posts\/122492","targetHints":{"allow":["GET"]}}],"collection":[{"href":"https:\/\/zjarr.tv\/sq\/wp-json\/wp\/v2\/posts"}],"about":[{"href":"https:\/\/zjarr.tv\/sq\/wp-json\/wp\/v2\/types\/post"}],"author":[{"embeddable":true,"href":"https:\/\/zjarr.tv\/sq\/wp-json\/wp\/v2\/users\/2013"}],"replies":[{"embeddable":true,"href":"https:\/\/zjarr.tv\/sq\/wp-json\/wp\/v2\/comments?post=122492"}],"version-history":[{"count":0,"href":"https:\/\/zjarr.tv\/sq\/wp-json\/wp\/v2\/posts\/122492\/revisions"}],"wp:featuredmedia":[{"embeddable":true,"href":"https:\/\/zjarr.tv\/sq\/wp-json\/wp\/v2\/media\/122493"}],"wp:attachment":[{"href":"https:\/\/zjarr.tv\/sq\/wp-json\/wp\/v2\/media?parent=122492"}],"wp:term":[{"taxonomy":"category","embeddable":true,"href":"https:\/\/zjarr.tv\/sq\/wp-json\/wp\/v2\/categories?post=122492"},{"taxonomy":"post_tag","embeddable":true,"href":"https:\/\/zjarr.tv\/sq\/wp-json\/wp\/v2\/tags?post=122492"}],"curies":[{"name":"wp","href":"https:\/\/api.w.org\/{rel}","templated":true}]}}