{"id":122495,"date":"2020-02-21T16:50:11","date_gmt":"2020-02-21T15:50:11","guid":{"rendered":"https:\/\/zjarr.tv\/?p=122495"},"modified":"2020-02-21T16:50:11","modified_gmt":"2020-02-21T15:50:11","slug":"denohet-djali-ish-ministres-kontrabandonte-range-rover","status":"publish","type":"post","link":"https:\/\/zjarr.tv\/sq\/denohet-djali-ish-ministres-kontrabandonte-range-rover\/","title":{"rendered":"D\u00ebnohet djali ish-ministres, kontrabandonte \u2018Range Rover\u2019"},"content":{"rendered":"<p>Gjykata e Tiran\u00ebs ka d\u00ebnuar me burg, djalin e ish-ministres, Themie Thomai.<\/p>\n<p>Ilir Prifti, 48 vje\u00e7, ishte v\u00ebn\u00eb n\u00eb hetim nga Prokuroria n\u00eb maj t\u00eb vitit 2018, si pjes\u00eb e grupit t\u00eb ish-zyrtar\u00ebve t\u00eb Drejtoris\u00eb s\u00eb Rrug\u00ebve, t\u00eb cil\u00ebt n\u00eb bashk\u00ebpunonin me agjent\u00eb doganor\u00eb, tregtar\u00eb, n\u00eb kontrabandimin e makinave luksove t\u00eb tipit \u2018Range Rover\u2019.<\/p>\n<p>Trupi gjykues argumentoi se Ilir Prifti, me detyr\u00eb doganier, kishte p\u00ebr detyr\u00eb t\u00eb verifikonte praktikat doganore, dhe me dashje pa kryer asnj\u00eb verifikim dokumentacioni i ka vulosur t\u00eb dyja dokumentat, si t\u00eb falsifikuar ashtu edhe at\u00eb original.<\/p>\n<p>\u00cbsht\u00eb leht\u00ebsisht e verifikueshme, aq m\u00eb tep\u00ebr kur p\u00ebrpara vihen n\u00eb dispozicion dy dokumenta nj\u00eb origjinale dhe nj\u00eb fotokopje, p\u00ebr t\u00eb par\u00eb se n\u00eb nj\u00ebrin prej tyre ndryshon cilindri i mjetit. Doganieri n\u00eb k\u00ebt\u00eb rast me mosveprimin e tij, ka favorizuar nj\u00eb shtetase duke sjell\u00eb shamngien e vler\u00ebs prej rreth 193 042 lek\u00eb\u201d.<\/p>\n<p>N\u00eb p\u00ebrfundim t\u00eb gjykimit, trupi gjykues i kryesuar nga gjyqtari, Ahmet Metaliaj, vendosi d\u00ebnimin e tij me 9 muaj burgim, me akuz\u00ebn e \u2018shp\u00ebrdorimit t\u00eb detyr\u00ebs\u2019, e parashikuar n\u00eb kodin penal.<\/p>\n","protected":false},"excerpt":{"rendered":"<p>Gjykata e Tiran\u00ebs ka d\u00ebnuar me burg, djalin e ish-ministres, Themie Thomai. Ilir Prifti, 48 vje\u00e7, ishte v\u00ebn\u00eb n\u00eb hetim nga Prokuroria n\u00eb maj t\u00eb vitit 2018, si pjes\u00eb e grupit t\u00eb ish-zyrtar\u00ebve t\u00eb Drejtoris\u00eb s\u00eb Rrug\u00ebve, t\u00eb cil\u00ebt n\u00eb bashk\u00ebpunonin me agjent\u00eb doganor\u00eb, tregtar\u00eb, n\u00eb kontrabandimin e makinave luksove t\u00eb tipit \u2018Range Rover\u2019. Trupi [&hellip;]<\/p>\n","protected":false},"author":2013,"featured_media":38161,"comment_status":"open","ping_status":"closed","sticky":false,"template":"","format":"standard","meta":{"footnotes":""},"categories":[241,235],"tags":[],"class_list":{"0":"post-122495","1":"post","2":"type-post","3":"status-publish","4":"format-standard","5":"has-post-thumbnail","7":"category-aktualitet","8":"category-vendi"},"_links":{"self":[{"href":"https:\/\/zjarr.tv\/sq\/wp-json\/wp\/v2\/posts\/122495","targetHints":{"allow":["GET"]}}],"collection":[{"href":"https:\/\/zjarr.tv\/sq\/wp-json\/wp\/v2\/posts"}],"about":[{"href":"https:\/\/zjarr.tv\/sq\/wp-json\/wp\/v2\/types\/post"}],"author":[{"embeddable":true,"href":"https:\/\/zjarr.tv\/sq\/wp-json\/wp\/v2\/users\/2013"}],"replies":[{"embeddable":true,"href":"https:\/\/zjarr.tv\/sq\/wp-json\/wp\/v2\/comments?post=122495"}],"version-history":[{"count":0,"href":"https:\/\/zjarr.tv\/sq\/wp-json\/wp\/v2\/posts\/122495\/revisions"}],"wp:featuredmedia":[{"embeddable":true,"href":"https:\/\/zjarr.tv\/sq\/wp-json\/wp\/v2\/media\/38161"}],"wp:attachment":[{"href":"https:\/\/zjarr.tv\/sq\/wp-json\/wp\/v2\/media?parent=122495"}],"wp:term":[{"taxonomy":"category","embeddable":true,"href":"https:\/\/zjarr.tv\/sq\/wp-json\/wp\/v2\/categories?post=122495"},{"taxonomy":"post_tag","embeddable":true,"href":"https:\/\/zjarr.tv\/sq\/wp-json\/wp\/v2\/tags?post=122495"}],"curies":[{"name":"wp","href":"https:\/\/api.w.org\/{rel}","templated":true}]}}