{"id":122504,"date":"2020-02-22T12:30:08","date_gmt":"2020-02-22T11:30:08","guid":{"rendered":"https:\/\/zjarr.tv\/?p=122504"},"modified":"2020-02-22T12:30:08","modified_gmt":"2020-02-22T11:30:08","slug":"2-marsi-i-kushtetutes-perballe-horrllekut-qeveritar-vasili-dita-e-rikthimit-te-dinjitetit","status":"publish","type":"post","link":"https:\/\/zjarr.tv\/sq\/2-marsi-i-kushtetutes-perballe-horrllekut-qeveritar-vasili-dita-e-rikthimit-te-dinjitetit\/","title":{"rendered":"\u20182 Marsi i Kushtetut\u00ebs, p\u00ebrball\u00eb horrll\u00ebkut qeveritar\u2019\/ Vasili: Dita e rikthimit t\u00eb dinjitetit"},"content":{"rendered":"<p>N\u00ebnkryetari i LSI-s\u00eb, Petrit Vasili i ka ftuar shqiptar\u00ebt ti bashkohen thirrjes s\u00eb presidentit t\u00eb vendit, Ilir Meta, p\u00ebr t\u2019u b\u00ebr\u00eb bashk\u00eb n\u00eb Bulebardin \u2018D\u00ebshmoret e Kombit\u2019.<\/p>\n<p>Vasili p\u00ebrmes nj\u00eb postimi n\u00eb rrjetin social Facebook, shkruan se 2 marsi si takimi mbarepopullor i t\u00eb gjith\u00eb shqiptar\u00ebve \u00ebsht\u00eb momenti q\u00eb ndan gj\u00ebrat, \u00ebsht\u00eb beteja p\u00ebr Kushtetut\u00ebn q\u00eb duan ta rr\u00ebmbejn\u00eb dhe ta shqyejn\u00eb Ram- rilindasit idiot\u00eb t\u00eb tij.<\/p>\n<p>Nd\u00ebr t\u00eb tjera Vasili \u00ebsht\u00eb shprehur se 2 marsi do i jap\u00eb fund drejtesis\u00eb s\u00eb bler\u00eb,t\u00eb kapur e t\u00eb rr\u00ebmbyer nga qeveria q\u00eb e mbron at\u00eb dhe d\u00ebnon eg\u00ebrsisht njeriun e thjesht\u00eb.<\/p>\n<p>Postimi i plot\u00eb:<\/p>\n<p>2 Marsi i Kushtetutes, perballe antiligjit dhe horrll\u00ebkut qeveritar!<\/p>\n<p>2 marsi si takimi mbarepopullor i te gjithe shqiptareve eshte momenti qe ndan gjerat.<\/p>\n<p>Mbrojtja e Kushtetutes eshte mbrojtje nga antiligji qeveritar :<\/p>\n<p>qe grabit pronen, qe ndeshkon njeriun e thjeshte dhe mbron hajdutet e qeverise,<\/p>\n<p>qe dhunon cdo te drejte te njerezve te zakonshem dhe garanton cdo privilegj te \u00e7frenuar te qeveritareve gangstere,<\/p>\n<p>qe shkeljen e ligjit e quan normalitet dhe respektimin faj<\/p>\n<p>qe lejon te grabiten miliarda me koncesione ndersa njerezit e varfer nuk sigurojne dot as buken e perditshme,<\/p>\n<p>qe i mbyll gojen fjales se lire dhe paguan fjalen e maskarenjve mediatike te paguar nga qeveria,<\/p>\n<p>qe lejon te pastrohen parate e pista qe asgjesojne mijra bisnese te ndershme,<\/p>\n<p>qe jua ben jeten ferr shqiptareve aq sa ata ikin me mijra nga Shqiperia,<\/p>\n<p>qe eshte gati te shkembeje shqiptaret me siriane e bangladeshas,<\/p>\n<p>qe e shnderron Shqiperine nder tre vendet me te korruptuara te botes,<\/p>\n<p>qe e shnderron Shqiperine ne Kolumbine e Europes.<\/p>\n<p>qe ua shet edhe Shqiperine edhe Kosoven interesave me te zeza antishqiptare.<\/p>\n<p>2 marsi eshte vija e ndarjes mes pabarazise perpara ligjit dhe drejtesise se barabarte per te gjithe.<\/p>\n<p>2 marsi i jep fundit drejtesise se blere,te kapur e te rrembyer nga qeveria qe e mbron ate dhe denon egersisht njeriun e thjeshte.<\/p>\n<p>2 marsi eshte beteja per Kushtetuten qe duan ta rrembejne dhe ta shqyejne Ram- rilindasit idiote te tij.<\/p>\n<p>2 marsi eshte festa e ligjit dhe e barazise se njerezve te lire.<\/p>\n<p>2 marsi eshte dita e rikthimit te dinjitetit te neperkembur nga degjenerimi arrogant i ram-rilindjes.<\/p>\n<p>2 marsi eshte dita e ndarjes me horrllekun rilindas te antiligjit.<\/p>\n","protected":false},"excerpt":{"rendered":"<p>N\u00ebnkryetari i LSI-s\u00eb, Petrit Vasili i ka ftuar shqiptar\u00ebt ti bashkohen thirrjes s\u00eb presidentit t\u00eb vendit, Ilir Meta, p\u00ebr t\u2019u b\u00ebr\u00eb bashk\u00eb n\u00eb Bulebardin \u2018D\u00ebshmoret e Kombit\u2019. Vasili p\u00ebrmes nj\u00eb postimi n\u00eb rrjetin social Facebook, shkruan se 2 marsi si takimi mbarepopullor i t\u00eb gjith\u00eb shqiptar\u00ebve \u00ebsht\u00eb momenti q\u00eb ndan gj\u00ebrat, \u00ebsht\u00eb beteja p\u00ebr Kushtetut\u00ebn [&hellip;]<\/p>\n","protected":false},"author":2013,"featured_media":107732,"comment_status":"open","ping_status":"closed","sticky":false,"template":"","format":"standard","meta":{"footnotes":""},"categories":[241,235],"tags":[],"class_list":{"0":"post-122504","1":"post","2":"type-post","3":"status-publish","4":"format-standard","5":"has-post-thumbnail","7":"category-aktualitet","8":"category-vendi"},"_links":{"self":[{"href":"https:\/\/zjarr.tv\/sq\/wp-json\/wp\/v2\/posts\/122504","targetHints":{"allow":["GET"]}}],"collection":[{"href":"https:\/\/zjarr.tv\/sq\/wp-json\/wp\/v2\/posts"}],"about":[{"href":"https:\/\/zjarr.tv\/sq\/wp-json\/wp\/v2\/types\/post"}],"author":[{"embeddable":true,"href":"https:\/\/zjarr.tv\/sq\/wp-json\/wp\/v2\/users\/2013"}],"replies":[{"embeddable":true,"href":"https:\/\/zjarr.tv\/sq\/wp-json\/wp\/v2\/comments?post=122504"}],"version-history":[{"count":0,"href":"https:\/\/zjarr.tv\/sq\/wp-json\/wp\/v2\/posts\/122504\/revisions"}],"wp:featuredmedia":[{"embeddable":true,"href":"https:\/\/zjarr.tv\/sq\/wp-json\/wp\/v2\/media\/107732"}],"wp:attachment":[{"href":"https:\/\/zjarr.tv\/sq\/wp-json\/wp\/v2\/media?parent=122504"}],"wp:term":[{"taxonomy":"category","embeddable":true,"href":"https:\/\/zjarr.tv\/sq\/wp-json\/wp\/v2\/categories?post=122504"},{"taxonomy":"post_tag","embeddable":true,"href":"https:\/\/zjarr.tv\/sq\/wp-json\/wp\/v2\/tags?post=122504"}],"curies":[{"name":"wp","href":"https:\/\/api.w.org\/{rel}","templated":true}]}}