{"id":122506,"date":"2020-02-22T12:31:33","date_gmt":"2020-02-22T11:31:33","guid":{"rendered":"https:\/\/zjarr.tv\/?p=122506"},"modified":"2020-02-22T12:31:33","modified_gmt":"2020-02-22T11:31:33","slug":"mbro-teatrin-firmos-dhe-ti-nis-peticioni-ne-hyrje-te-godines-historike","status":"publish","type":"post","link":"https:\/\/zjarr.tv\/sq\/mbro-teatrin-firmos-dhe-ti-nis-peticioni-ne-hyrje-te-godines-historike\/","title":{"rendered":"&#8216;Mbro Teatrin, firmos dhe ti!&#8217; Nis peticioni n\u00eb hyrje t\u00eb godin\u00ebs historike"},"content":{"rendered":"<p>Aleanca p\u00ebr Mbrojtjen e Teatrit ka \u00e7elur sot, mbledhjen e firmave nga qyetar\u00ebt p\u00ebr mbrojtjen e godin\u00ebs s\u00eb Teatrit Komb\u00ebtar dhe firmat mblidhen pik\u00ebrisht n\u00eb hyrje t\u00eb saj<\/p>\n<p>\u201cFirmos edhe ti!\u201d \u2013 ka b\u00ebr\u00eb thirrje sot Aleanca. &#8211; Ta mbrojm\u00eb at\u00eb Teat\u00ebr q\u00eb \u00ebsht\u00eb djepi i artit dhe krenaria e kombit dhe Tiran\u00ebs,si dhe prona jon\u00eb e p\u00ebrbashk\u00ebt. Ta mbrojme nga makuteria dhe bab\u00ebzia e k\u00ebsaj klike hajdut\u00ebsh dhe sharrlatanesh q\u00eb duan t\u00eb na zhvasin gjith\u00e7ka \u00ebsht\u00eb e bukur n\u00eb ket\u00eb vend!\u201d<\/p>\n","protected":false},"excerpt":{"rendered":"<p>Aleanca p\u00ebr Mbrojtjen e Teatrit ka \u00e7elur sot, mbledhjen e firmave nga qyetar\u00ebt p\u00ebr mbrojtjen e godin\u00ebs s\u00eb Teatrit Komb\u00ebtar dhe firmat mblidhen pik\u00ebrisht n\u00eb hyrje t\u00eb saj \u201cFirmos edhe ti!\u201d \u2013 ka b\u00ebr\u00eb thirrje sot Aleanca. &#8211; Ta mbrojm\u00eb at\u00eb Teat\u00ebr q\u00eb \u00ebsht\u00eb djepi i artit dhe krenaria e kombit dhe Tiran\u00ebs,si dhe prona [&hellip;]<\/p>\n","protected":false},"author":2013,"featured_media":122507,"comment_status":"open","ping_status":"closed","sticky":false,"template":"","format":"standard","meta":{"footnotes":""},"categories":[241,235],"tags":[],"class_list":{"0":"post-122506","1":"post","2":"type-post","3":"status-publish","4":"format-standard","5":"has-post-thumbnail","7":"category-aktualitet","8":"category-vendi"},"_links":{"self":[{"href":"https:\/\/zjarr.tv\/sq\/wp-json\/wp\/v2\/posts\/122506","targetHints":{"allow":["GET"]}}],"collection":[{"href":"https:\/\/zjarr.tv\/sq\/wp-json\/wp\/v2\/posts"}],"about":[{"href":"https:\/\/zjarr.tv\/sq\/wp-json\/wp\/v2\/types\/post"}],"author":[{"embeddable":true,"href":"https:\/\/zjarr.tv\/sq\/wp-json\/wp\/v2\/users\/2013"}],"replies":[{"embeddable":true,"href":"https:\/\/zjarr.tv\/sq\/wp-json\/wp\/v2\/comments?post=122506"}],"version-history":[{"count":0,"href":"https:\/\/zjarr.tv\/sq\/wp-json\/wp\/v2\/posts\/122506\/revisions"}],"wp:featuredmedia":[{"embeddable":true,"href":"https:\/\/zjarr.tv\/sq\/wp-json\/wp\/v2\/media\/122507"}],"wp:attachment":[{"href":"https:\/\/zjarr.tv\/sq\/wp-json\/wp\/v2\/media?parent=122506"}],"wp:term":[{"taxonomy":"category","embeddable":true,"href":"https:\/\/zjarr.tv\/sq\/wp-json\/wp\/v2\/categories?post=122506"},{"taxonomy":"post_tag","embeddable":true,"href":"https:\/\/zjarr.tv\/sq\/wp-json\/wp\/v2\/tags?post=122506"}],"curies":[{"name":"wp","href":"https:\/\/api.w.org\/{rel}","templated":true}]}}