{"id":122511,"date":"2020-02-22T12:36:40","date_gmt":"2020-02-22T11:36:40","guid":{"rendered":"https:\/\/zjarr.tv\/?p=122511"},"modified":"2020-02-22T12:36:40","modified_gmt":"2020-02-22T11:36:40","slug":"z-president-dhe-nga-shba-do-te-vijme-me-2-mars-i-pergjigjet-meta-shqiponjat-se-harrojne-folene","status":"publish","type":"post","link":"https:\/\/zjarr.tv\/sq\/z-president-dhe-nga-shba-do-te-vijme-me-2-mars-i-pergjigjet-meta-shqiponjat-se-harrojne-folene\/","title":{"rendered":"&#8216;Z.President, dhe nga SHBA do t\u00eb vijm\u00eb m\u00eb 2 mars&#8217;, i p\u00ebrgjigjet Meta: Shqiponjat s&#8217;e harrojn\u00eb folen\u00eb!"},"content":{"rendered":"<p>Nj\u00eb qytetar nga SHBA, Ervis Zholi, ndjek\u00ebs i rregullt i Presidentit Ilir Meta n\u00eb rrjetet sociale, i ka shprehur Met\u00ebs mb\u00ebshtetjen e madhe t\u00eb tij dhe t\u00eb nj\u00eb grupi shqiptar\u00ebsh:<\/p>\n<p>&#8220;Edhe n\u00eb nga Mi\u00e7higan, SHBA, ku jemi, nj\u00eb grup q\u00eb punojm\u00eb dhe mbrojm\u00eb interesat e vendit ton\u00eb, do t\u00eb vijm\u00eb n\u00eb 2 mars atje sot. President, p\u00ebr lirin\u00eb dhe demokracin\u00eb. \u00c7dokush lufton dhe e mbron, edhe pse jemi p\u00ebrtej Atlantikut.<\/p>\n<p>Nuk ka vonuar q\u00eb k\u00ebtij mesazhi\u00a0 n\u00eb Fb t\u2019i p\u00ebrgjigjet vet\u00eb kreu i shtetit: \u201cMir\u00eb se vini edhe ju nga Amerika n\u00eb 2 mars n\u00eb bulvardin \u201cD\u00ebshmor\u00ebt e Kombit\u201d. Shpresoj q\u00eb n\u00eb pak vite t\u00eb ktheheni p\u00ebrgjithmon\u00eb. Si\u00e7 e tha edhe papa Francesku n\u00eb Tiran\u00eb \u201cShqiponjat nuk e harrojn\u00eb folen\u00eb e tyre\u201d. Dhe Presidenti nuk e ka l\u00ebn\u00eb me kaq, po e ka ftuar emigrantin edhe p\u00ebr nj\u00eb kafe pas mitingut. &#8220;Pas tubimit ju pres edhe p\u00ebr nj\u00eb kafe\u201d.<\/p>\n<div class=\"fotogaleri\">\n<div class=\"bx-wrapper\">\n<div class=\"bx-viewport\">\n<ul class=\"read-slider\">\n<li><a href=\"https:\/\/www.syri.net\/uploads\/syri.net\/images\/2020\/February\/22\/WhatsApp-Image-2020-02-22-at-11.13.46-AM-1-238x3501582370241.jpeg\" data-lightbox=\"images\"><img decoding=\"async\" src=\"https:\/\/www.syri.net\/uploads\/syri.net\/images\/2020\/February\/22\/auto_WhatsApp-Image-2020-02-22-at-11.13.46-AM-1-238x3501582370241.jpeg\" \/><\/a><\/li>\n<\/ul>\n<\/div>\n<\/div>\n<\/div>\n","protected":false},"excerpt":{"rendered":"<p>Nj\u00eb qytetar nga SHBA, Ervis Zholi, ndjek\u00ebs i rregullt i Presidentit Ilir Meta n\u00eb rrjetet sociale, i ka shprehur Met\u00ebs mb\u00ebshtetjen e madhe t\u00eb tij dhe t\u00eb nj\u00eb grupi shqiptar\u00ebsh: &#8220;Edhe n\u00eb nga Mi\u00e7higan, SHBA, ku jemi, nj\u00eb grup q\u00eb punojm\u00eb dhe mbrojm\u00eb interesat e vendit ton\u00eb, do t\u00eb vijm\u00eb n\u00eb 2 mars atje sot. [&hellip;]<\/p>\n","protected":false},"author":2013,"featured_media":64961,"comment_status":"open","ping_status":"closed","sticky":false,"template":"","format":"standard","meta":{"footnotes":""},"categories":[241,235],"tags":[],"class_list":{"0":"post-122511","1":"post","2":"type-post","3":"status-publish","4":"format-standard","5":"has-post-thumbnail","7":"category-aktualitet","8":"category-vendi"},"_links":{"self":[{"href":"https:\/\/zjarr.tv\/sq\/wp-json\/wp\/v2\/posts\/122511","targetHints":{"allow":["GET"]}}],"collection":[{"href":"https:\/\/zjarr.tv\/sq\/wp-json\/wp\/v2\/posts"}],"about":[{"href":"https:\/\/zjarr.tv\/sq\/wp-json\/wp\/v2\/types\/post"}],"author":[{"embeddable":true,"href":"https:\/\/zjarr.tv\/sq\/wp-json\/wp\/v2\/users\/2013"}],"replies":[{"embeddable":true,"href":"https:\/\/zjarr.tv\/sq\/wp-json\/wp\/v2\/comments?post=122511"}],"version-history":[{"count":0,"href":"https:\/\/zjarr.tv\/sq\/wp-json\/wp\/v2\/posts\/122511\/revisions"}],"wp:featuredmedia":[{"embeddable":true,"href":"https:\/\/zjarr.tv\/sq\/wp-json\/wp\/v2\/media\/64961"}],"wp:attachment":[{"href":"https:\/\/zjarr.tv\/sq\/wp-json\/wp\/v2\/media?parent=122511"}],"wp:term":[{"taxonomy":"category","embeddable":true,"href":"https:\/\/zjarr.tv\/sq\/wp-json\/wp\/v2\/categories?post=122511"},{"taxonomy":"post_tag","embeddable":true,"href":"https:\/\/zjarr.tv\/sq\/wp-json\/wp\/v2\/tags?post=122511"}],"curies":[{"name":"wp","href":"https:\/\/api.w.org\/{rel}","templated":true}]}}