{"id":122519,"date":"2020-02-22T13:32:10","date_gmt":"2020-02-22T12:32:10","guid":{"rendered":"https:\/\/zjarr.tv\/?p=122519"},"modified":"2020-02-22T13:32:10","modified_gmt":"2020-02-22T12:32:10","slug":"isa-mustafa-kosova-duhet-te-heqe-tarifen-ndaj-serbise-ne-mirebesim-me-shba-dhe-be","status":"publish","type":"post","link":"https:\/\/zjarr.tv\/sq\/isa-mustafa-kosova-duhet-te-heqe-tarifen-ndaj-serbise-ne-mirebesim-me-shba-dhe-be\/","title":{"rendered":"Isa Mustafa: Kosova duhet t\u00eb heq\u00eb tarif\u00ebn ndaj Serbis\u00eb, n\u00eb mir\u00ebbesim me SHBA dhe BE!"},"content":{"rendered":"<p><strong>Nga Isa Mustafa, kryetar i LDK, partner n\u00eb koalicionin qeveris\u00ebs me Albin Kurtin.<\/strong><\/p>\n<p>Qytetar\u00eb t\u00eb nderuar,<\/p>\n<p>Nga SHBA dhe BE po k\u00ebrkohet fillimi i nj\u00eb procesi t\u00eb ri t\u00eb dialogut p\u00ebr Marr\u00ebveshjen P\u00ebrfundimtare me Serbin\u00eb. E si kusht i k\u00ebsaj, heqja urgjente e tarif\u00ebs p\u00ebr mallrat q\u00eb vijn\u00eb nga Serbia dhe Bosna e Hercegovina.<\/p>\n<p>N\u00eb Programin Qeveris\u00ebs t\u00eb harmonizuar me L\u00ebvizjen Vet\u00ebvendosje jemi orientuar p\u00ebr heqjen e tarif\u00ebs dhe zbatimin e masave reciproke me Serbine, p\u00ebr \u00e7far\u00eb nuk jan\u00eb p\u00ebrcaktuar modalitetet e reciprocitetit dhe renditja e hapave.<\/p>\n<p>N\u00eb situat\u00ebn aktuale t\u00eb realpolitik\u00ebs \u00ebsht\u00eb e r\u00ebnd\u00ebsis\u00eb themelore t\u00eb ruhet dhe t\u00eb kultivohet partneriteti me SHBA-t\u00eb dhe t\u00eb vler\u00ebsohet roli prij\u00ebs i tyre n\u00eb k\u00ebt\u00eb proces.<\/p>\n<p>Jam shum\u00eb i bindur se vet\u00ebm me SHBA-t\u00eb mund t\u00eb p\u00ebrmbyllet Marr\u00ebveshja P\u00ebrfundimtare me Serbin\u00eb. P\u00ebr m\u00eb tep\u00ebr kur i d\u00ebrguari special i Presidentit Trump, Richard Grenell u shpreh se SHBA-t\u00eb nuk parashohin shk\u00ebmbim t\u00eb territorit. Kjo edhe e b\u00ebn tarif\u00ebn instrument t\u00eb par\u00ebnd\u00ebsish\u00ebm t\u00eb preventimit t\u00eb dialogut p\u00ebr territorin.<\/p>\n<p>Po ashtu duhet t\u00eb vler\u00ebsohet roli i BE-s\u00eb n\u00eb k\u00ebt\u00eb proces dhe i p\u00ebrfaq\u00ebsuesit t\u00eb lart\u00eb, z. Borell. P\u00ebr aq sa duhet t\u00eb vler\u00ebsohet pritja e drejt\u00eb e qytetar\u00ebve t\u00eb Kosov\u00ebs q\u00eb ata t\u00eb trajtohen nga BE si qytetar\u00eb evropian dhe se do t\u2019u hiqen prangat e l\u00ebvizjes s\u00eb lir\u00eb p\u00ebrmes liberalizimit t\u00eb vizave si rezultat edhe i k\u00ebtij procesi.<\/p>\n<p>BE dhe shtetet e caktuara duhet t\u00eb heqin paragjykimet ndaj Kosov\u00ebs, sepse izolimi \u00ebsht\u00eb nj\u00eb tarif\u00eb e skajshme e BE-s\u00eb ndaj qytetar\u00ebve t\u00eb Kosov\u00ebs.<br \/>\nAktualisht v\u00ebrehet qart\u00eb se procesit t\u00eb dialogut po i japin dinamik\u00eb dhe fuqi t\u00eb ve\u00e7ant\u00eb SHBA-t\u00eb n\u00eb personalitetin e fuqish\u00ebm t\u00eb Ambasadorit Grenell.<br \/>\nKosova, p\u00ebr bindjen time, ka nevoj\u00eb t\u00eb shfryt\u00ebzoj\u00eb k\u00ebt\u00eb situat\u00eb p\u00ebr t\u00eb p\u00ebrmbyll\u00eb dialogun me Serbin\u00eb.<\/p>\n<p>SHBA-t\u00eb kan\u00eb qen\u00eb lidere t\u00eb pavar\u00ebsis\u00eb s\u00eb Kosov\u00eb. SHBA-t\u00eb mund t\u00eb jen\u00eb lidere efektive t\u00eb p\u00ebrmbylljes s\u00eb problemeve q\u00eb i kemi me Serbin\u00eb dhe e nj\u00eb politike p\u00ebr ringjallje ekonomike t\u00eb Kosov\u00ebs.<\/p>\n<p>Th\u00ebn\u00eb shkurt, asnj\u00eb tarif\u00eb dhe asnj\u00eb reciprocitet nuk matet me pesh\u00ebn e partneritetit, sidomos me SHBA-t\u00eb por dhe me BE-n\u00eb<\/p>\n<p>P\u00ebr k\u00ebto arsye, vler\u00ebsoj se:<\/p>\n<p>Kosova duhet t\u00eb heq tarif\u00ebn, n\u00eb mir\u00ebbesim me SHBA-t\u00eb dhe BE-n\u00eb.<\/p>\n<p>Kosova duhet t\u00eb njoftoj\u00eb partner\u00ebt tan\u00eb p\u00ebr t\u00eb gjitha pengesat ekonomike, tregtare dhe politike, t\u00eb cilat n\u00eb periudh\u00ebn n\u00eb vazhdim duhet ti heq Serbia dhe Bosna dhe Hercegovina, n\u00eb m\u00ebnyr\u00eb q\u00eb pengesat reciproke t\u00eb jen\u00eb zero.<\/p>\n<p>Vendet e BE-s\u00eb do duhej t\u00eb hiqnin \u201ctarif\u00ebn e izolimit\u201d t\u00eb qytetar\u00ebve t\u00eb Kosov\u00ebs\u201d<\/p>\n<p>N\u00ebse Serbia, n\u00eb koh\u00ebn q\u00eb ne e bashk\u00ebrendisim me mir\u00ebkuptim me partner\u00ebt tan\u00eb, nuk eviton pengesat, at\u00ebher\u00eb Kosova duhet t\u00eb aktivizoj\u00eb masat e reciprocitetit.<br \/>\nRezultati q\u00eb ne duhet t\u00eb synojm\u00eb \u00ebsht\u00eb njohja reciproke, e cila p\u00ebrfundimisht zgjidh edhe problemet e bashk\u00ebpunimit ekonomik dhe tregtar me Serbin\u00eb dhe krijon ambient t\u00eb sigurt dhe pozitiv p\u00ebr investime t\u00eb jashtme, p\u00ebr pun\u00ebsim dhe prosperitet ekonomik.<\/p>\n<p>Konsideroj se na ndihmon bashk\u00ebpunimi i ngusht\u00eb me VV-n\u00eb, si partner\u00eb t\u00eb koalicionit, dhe marrja e p\u00ebrgjegj\u00ebsive t\u00eb p\u00ebrbashk\u00ebta q\u00eb ta menaxhojm\u00eb k\u00ebt\u00eb proces duke u b\u00ebr\u00eb kjo Qeveri prijetare e zgjidhjes n\u00eb koh\u00ebn e duhur.<\/p>\n<p>Opozita gjith\u00ebher\u00eb ka k\u00ebrkuar rol t\u00eb fuqish\u00ebm t\u00eb SHBA-s\u00eb dhe efikasitet t\u00eb BE-s\u00eb. N\u00eb horizont \u00ebsht\u00eb edhe nj\u00ebra edhe tjetra.<br \/>\nIa vlen t\u00eb jemi bashk\u00eb dhe t\u00eb b\u00ebjm\u00eb zgjidhje p\u00ebr Kosov\u00ebn!<\/p>\n","protected":false},"excerpt":{"rendered":"<p>Nga Isa Mustafa, kryetar i LDK, partner n\u00eb koalicionin qeveris\u00ebs me Albin Kurtin. Qytetar\u00eb t\u00eb nderuar, Nga SHBA dhe BE po k\u00ebrkohet fillimi i nj\u00eb procesi t\u00eb ri t\u00eb dialogut p\u00ebr Marr\u00ebveshjen P\u00ebrfundimtare me Serbin\u00eb. E si kusht i k\u00ebsaj, heqja urgjente e tarif\u00ebs p\u00ebr mallrat q\u00eb vijn\u00eb nga Serbia dhe Bosna e Hercegovina. N\u00eb [&hellip;]<\/p>\n","protected":false},"author":2013,"featured_media":52720,"comment_status":"open","ping_status":"closed","sticky":false,"template":"","format":"standard","meta":{"footnotes":""},"categories":[241,2],"tags":[],"class_list":{"0":"post-122519","1":"post","2":"type-post","3":"status-publish","4":"format-standard","5":"has-post-thumbnail","7":"category-aktualitet","8":"category-rajoni"},"_links":{"self":[{"href":"https:\/\/zjarr.tv\/sq\/wp-json\/wp\/v2\/posts\/122519","targetHints":{"allow":["GET"]}}],"collection":[{"href":"https:\/\/zjarr.tv\/sq\/wp-json\/wp\/v2\/posts"}],"about":[{"href":"https:\/\/zjarr.tv\/sq\/wp-json\/wp\/v2\/types\/post"}],"author":[{"embeddable":true,"href":"https:\/\/zjarr.tv\/sq\/wp-json\/wp\/v2\/users\/2013"}],"replies":[{"embeddable":true,"href":"https:\/\/zjarr.tv\/sq\/wp-json\/wp\/v2\/comments?post=122519"}],"version-history":[{"count":0,"href":"https:\/\/zjarr.tv\/sq\/wp-json\/wp\/v2\/posts\/122519\/revisions"}],"wp:featuredmedia":[{"embeddable":true,"href":"https:\/\/zjarr.tv\/sq\/wp-json\/wp\/v2\/media\/52720"}],"wp:attachment":[{"href":"https:\/\/zjarr.tv\/sq\/wp-json\/wp\/v2\/media?parent=122519"}],"wp:term":[{"taxonomy":"category","embeddable":true,"href":"https:\/\/zjarr.tv\/sq\/wp-json\/wp\/v2\/categories?post=122519"},{"taxonomy":"post_tag","embeddable":true,"href":"https:\/\/zjarr.tv\/sq\/wp-json\/wp\/v2\/tags?post=122519"}],"curies":[{"name":"wp","href":"https:\/\/api.w.org\/{rel}","templated":true}]}}