{"id":122521,"date":"2020-02-22T13:55:04","date_gmt":"2020-02-22T12:55:04","guid":{"rendered":"https:\/\/zjarr.tv\/?p=122521"},"modified":"2020-02-22T13:55:04","modified_gmt":"2020-02-22T12:55:04","slug":"pastrimi-i-parave-denaj-domosdoshmeri-rritja-e-denimeve","status":"publish","type":"post","link":"https:\/\/zjarr.tv\/sq\/pastrimi-i-parave-denaj-domosdoshmeri-rritja-e-denimeve\/","title":{"rendered":"Pastrimi i parave, Denaj: Domosdoshm\u00ebri rritja e d\u00ebnimeve"},"content":{"rendered":"<p>Ministrja e Financave, Anila Denaj tha se hetimet p\u00ebr asetet e sekuestruara deri tani jan\u00eb pozitive. N\u00eb nj\u00eb konferenc\u00eb p\u00ebr mediat, ajo shtoi se Shqip\u00ebria ka sh\u00ebnuar progres n\u00eb k\u00ebt\u00eb aspek. Ministrja shtroi si domosdoshm\u00ebri rritjen e d\u00ebnimit p\u00ebr akuz\u00ebn &#8220;pastrim parash&#8221;. Deri tani sipas saj jan\u00eb 65 mln euro t\u00eb sekuestruara nga pasurit\u00eb e bllokuara.<\/p>\n<p><strong>Anila Denaj:<em>\u00a0<\/em><\/strong><em>60.5 mln euro asete t\u00eb sekuestruara nga hetimet p\u00ebr pastrim t\u00eb parave, 74 mln euro asete t\u00eb sekuestruara nga hetimet e grupeve kriminale p\u00ebrmes ligjit antimafia. 327 let\u00ebr porosi jan\u00eb d\u00ebrguar lidhur me pastrimin e parave n\u00eb 2018-2019. 74 raste jan\u00eb d\u00ebrguar n\u00eb gjykat\u00eb p\u00ebr hetim kund\u00ebr pastrimit t\u00eb parave m\u00eb shum\u00eb se t\u00eb gjitha \u00e7\u00ebshtjet n\u00eb 10 vitet e fundit. Mang\u00ebsit\u00eb thelb\u00ebsore i p\u00ebrkasin organet jasht\u00eb ekzekutivit. N\u00eb fokus t\u00eb efektivitetit jan\u00eb dy fusha q\u00eb lidhen kryesisht me efikasitetin e sistemit t\u00eb drejt\u00ebsis\u00eb, prokuroris\u00eb dhe gjykatave. N\u00eb ve\u00e7anti v\u00ebmendje e shtuar k\u00ebrkohet n\u00eb lidhje me domosdoshm\u00ebrin\u00eb e rritjes s\u00eb d\u00ebnimeve p\u00ebr pastrim t\u00eb parave nga sistemi gjyq\u00ebsor sidomos ndaj rasteve t\u00eb raportuara.<\/em><\/p>\n","protected":false},"excerpt":{"rendered":"<p>Ministrja e Financave, Anila Denaj tha se hetimet p\u00ebr asetet e sekuestruara deri tani jan\u00eb pozitive. N\u00eb nj\u00eb konferenc\u00eb p\u00ebr mediat, ajo shtoi se Shqip\u00ebria ka sh\u00ebnuar progres n\u00eb k\u00ebt\u00eb aspek. Ministrja shtroi si domosdoshm\u00ebri rritjen e d\u00ebnimit p\u00ebr akuz\u00ebn &#8220;pastrim parash&#8221;. Deri tani sipas saj jan\u00eb 65 mln euro t\u00eb sekuestruara nga pasurit\u00eb e [&hellip;]<\/p>\n","protected":false},"author":2013,"featured_media":99888,"comment_status":"open","ping_status":"closed","sticky":false,"template":"","format":"standard","meta":{"footnotes":""},"categories":[241,235],"tags":[],"class_list":{"0":"post-122521","1":"post","2":"type-post","3":"status-publish","4":"format-standard","5":"has-post-thumbnail","7":"category-aktualitet","8":"category-vendi"},"_links":{"self":[{"href":"https:\/\/zjarr.tv\/sq\/wp-json\/wp\/v2\/posts\/122521","targetHints":{"allow":["GET"]}}],"collection":[{"href":"https:\/\/zjarr.tv\/sq\/wp-json\/wp\/v2\/posts"}],"about":[{"href":"https:\/\/zjarr.tv\/sq\/wp-json\/wp\/v2\/types\/post"}],"author":[{"embeddable":true,"href":"https:\/\/zjarr.tv\/sq\/wp-json\/wp\/v2\/users\/2013"}],"replies":[{"embeddable":true,"href":"https:\/\/zjarr.tv\/sq\/wp-json\/wp\/v2\/comments?post=122521"}],"version-history":[{"count":0,"href":"https:\/\/zjarr.tv\/sq\/wp-json\/wp\/v2\/posts\/122521\/revisions"}],"wp:featuredmedia":[{"embeddable":true,"href":"https:\/\/zjarr.tv\/sq\/wp-json\/wp\/v2\/media\/99888"}],"wp:attachment":[{"href":"https:\/\/zjarr.tv\/sq\/wp-json\/wp\/v2\/media?parent=122521"}],"wp:term":[{"taxonomy":"category","embeddable":true,"href":"https:\/\/zjarr.tv\/sq\/wp-json\/wp\/v2\/categories?post=122521"},{"taxonomy":"post_tag","embeddable":true,"href":"https:\/\/zjarr.tv\/sq\/wp-json\/wp\/v2\/tags?post=122521"}],"curies":[{"name":"wp","href":"https:\/\/api.w.org\/{rel}","templated":true}]}}