{"id":122527,"date":"2020-02-22T14:50:31","date_gmt":"2020-02-22T13:50:31","guid":{"rendered":"https:\/\/zjarr.tv\/?p=122527"},"modified":"2020-02-22T14:50:31","modified_gmt":"2020-02-22T13:50:31","slug":"shkon-ne-3-numri-i-grevisteve-te-renduar-nga-gjendja-shendetesore","status":"publish","type":"post","link":"https:\/\/zjarr.tv\/sq\/shkon-ne-3-numri-i-grevisteve-te-renduar-nga-gjendja-shendetesore\/","title":{"rendered":"Shkon n\u00eb 3 numri i grevist\u00ebve t\u00eb r\u00ebnduar nga gjendja sh\u00ebndet\u00ebsore"},"content":{"rendered":"<p>Grevist\u00ebt n\u00eb Ballsh t\u00eb cil\u00ebt prej disa muajsh nuk kan\u00eb marr\u00eb pagat e tyre, vazhdojn\u00eb t\u00eb q\u00ebndrojn\u00eb n\u00eb grev\u00eb. Gjendja sh\u00ebndet\u00ebsore e grevist\u00ebve sa vjen dhe r\u00ebndohet, e megjithat\u00eb ata shprehen t\u00eb vendosur p\u00ebr t\u00eb vazhduar sakrific\u00ebn e tyre deri n\u00eb marrjen e pagave. Jonuz Mu\u00e7aj dhe Hysni Agalliu jan\u00eb grevist\u00ebt t\u00eb cil\u00ebt kan\u00eb shfaqur probleme sh\u00ebndet\u00ebsore dhe p\u00ebr k\u00ebt\u00eb arsye jan\u00eb d\u00ebrguar n\u00eb spital. M\u00ebsohet se nj\u00eb tjet\u00ebr grevist, Aleksand\u00ebr Mejdani ka shfaqur probleme, duke e \u00e7uar n\u00eb tre numrin e personave me gjendje t\u00eb r\u00ebnduar sh\u00ebndet\u00ebsore.<\/p>\n","protected":false},"excerpt":{"rendered":"<p>Grevist\u00ebt n\u00eb Ballsh t\u00eb cil\u00ebt prej disa muajsh nuk kan\u00eb marr\u00eb pagat e tyre, vazhdojn\u00eb t\u00eb q\u00ebndrojn\u00eb n\u00eb grev\u00eb. Gjendja sh\u00ebndet\u00ebsore e grevist\u00ebve sa vjen dhe r\u00ebndohet, e megjithat\u00eb ata shprehen t\u00eb vendosur p\u00ebr t\u00eb vazhduar sakrific\u00ebn e tyre deri n\u00eb marrjen e pagave. Jonuz Mu\u00e7aj dhe Hysni Agalliu jan\u00eb grevist\u00ebt t\u00eb cil\u00ebt kan\u00eb shfaqur [&hellip;]<\/p>\n","protected":false},"author":2013,"featured_media":122528,"comment_status":"open","ping_status":"closed","sticky":false,"template":"","format":"standard","meta":{"footnotes":""},"categories":[241,235],"tags":[],"class_list":{"0":"post-122527","1":"post","2":"type-post","3":"status-publish","4":"format-standard","5":"has-post-thumbnail","7":"category-aktualitet","8":"category-vendi"},"_links":{"self":[{"href":"https:\/\/zjarr.tv\/sq\/wp-json\/wp\/v2\/posts\/122527","targetHints":{"allow":["GET"]}}],"collection":[{"href":"https:\/\/zjarr.tv\/sq\/wp-json\/wp\/v2\/posts"}],"about":[{"href":"https:\/\/zjarr.tv\/sq\/wp-json\/wp\/v2\/types\/post"}],"author":[{"embeddable":true,"href":"https:\/\/zjarr.tv\/sq\/wp-json\/wp\/v2\/users\/2013"}],"replies":[{"embeddable":true,"href":"https:\/\/zjarr.tv\/sq\/wp-json\/wp\/v2\/comments?post=122527"}],"version-history":[{"count":0,"href":"https:\/\/zjarr.tv\/sq\/wp-json\/wp\/v2\/posts\/122527\/revisions"}],"wp:featuredmedia":[{"embeddable":true,"href":"https:\/\/zjarr.tv\/sq\/wp-json\/wp\/v2\/media\/122528"}],"wp:attachment":[{"href":"https:\/\/zjarr.tv\/sq\/wp-json\/wp\/v2\/media?parent=122527"}],"wp:term":[{"taxonomy":"category","embeddable":true,"href":"https:\/\/zjarr.tv\/sq\/wp-json\/wp\/v2\/categories?post=122527"},{"taxonomy":"post_tag","embeddable":true,"href":"https:\/\/zjarr.tv\/sq\/wp-json\/wp\/v2\/tags?post=122527"}],"curies":[{"name":"wp","href":"https:\/\/api.w.org\/{rel}","templated":true}]}}