{"id":122531,"date":"2020-02-22T14:57:34","date_gmt":"2020-02-22T13:57:34","guid":{"rendered":"https:\/\/zjarr.tv\/?p=122531"},"modified":"2020-02-22T14:57:34","modified_gmt":"2020-02-22T13:57:34","slug":"kryemadhi-nga-shkodra-me-2-mars-do-jem-ne-bulevard-jo-per-ilir-meten-ja-arsyet","status":"publish","type":"post","link":"https:\/\/zjarr.tv\/sq\/kryemadhi-nga-shkodra-me-2-mars-do-jem-ne-bulevard-jo-per-ilir-meten-ja-arsyet\/","title":{"rendered":"Kryemadhi nga Shkodra: M\u00eb 2 mars do jem n\u00eb bulevard jo p\u00ebr Ilir Met\u00ebn&#8230; ja arsyet"},"content":{"rendered":"<p>Kryetarja e LSI-s\u00eb Monika Kryemadhi deklaron se m\u00eb 2 mars do t\u00eb jet\u00eb n\u00eb bulevardin \u201cD\u00ebshmor\u00ebt e Kombit\u201d.<\/p>\n<p>Nga qyteti i Shkodr\u00ebs, n\u00eb nj\u00eb takim me struktur\u00ebn e LSI-s\u00eb, Kryemadhi n\u00ebnvizoi se n\u00eb bulevard nuk do t\u00eb jet\u00eb p\u00ebr Ilir Met\u00ebn dhe rendit arsyet pse.<\/p>\n<p><em>&#8220;M\u00eb 2 mars do marr pjes\u00eb si qytetare, jo se jam me Ilir Met\u00ebn, se Ilir Meta me toleranc\u00ebn e tij dhe me besimin q\u00eb pati n\u00eb PS nuk u tregua i v\u00ebmendsh\u00ebm p\u00ebr t\u00eb mos lejuar k\u00ebt\u00eb kapje t\u00eb gjith\u00eb sistemit, nga parlamenti, qeveria, ekonomia e \u00e7do tjet\u00ebr.\u00a0<\/em><\/p>\n<p><em>Por un\u00eb do t\u00eb jem n\u00eb bulevardin \u201cD\u00ebshmor\u00ebt e Kombit\u201d m\u00eb 2 mars si nj\u00eb n\u00ebn\u00eb q\u00eb f\u00ebmij\u00ebt e saj do ti shikoj\u00eb n\u00eb Shqip\u00ebri, si nj\u00eb bashk\u00ebshorte q\u00eb do t\u00eb jetoj\u00eb e qet\u00eb vitet q\u00eb I kan\u00eb mbetur n\u00eb familjen e saj. Si nj\u00eb bij\u00eb q\u00eb do t\u00eb garantoj\u00eb sh\u00ebrbim ndaj prind\u00ebve t\u00eb saj pensionist\u00eb dhe q\u00eb pensioni nuk i del as p\u00ebr ila\u00e7e.<\/em><\/p>\n<p><em>Do t\u00eb jem si nj\u00eb mot\u00ebr t\u00eb cil\u00ebn ka v\u00ebllain e saj t\u00eb papun\u00eb dhe b\u00ebn gati pla\u00e7kat p\u00ebr t\u00eb ikur emigrant sepse \u00e7do dit\u00eb e m\u00eb shum\u00eb dit\u00ebt tona ngushtohen. Do t\u00eb jem si nj\u00eb amvis\u00eb q\u00eb paguan faturat t\u00eb energjis\u00eb elektrike dyfish dhe harxhon ilac rrobash me para dyfish p\u00ebr t\u00eb nj\u00ebjt\u00ebn sasi.&#8221;<\/em><\/p>\n","protected":false},"excerpt":{"rendered":"<p>Kryetarja e LSI-s\u00eb Monika Kryemadhi deklaron se m\u00eb 2 mars do t\u00eb jet\u00eb n\u00eb bulevardin \u201cD\u00ebshmor\u00ebt e Kombit\u201d. Nga qyteti i Shkodr\u00ebs, n\u00eb nj\u00eb takim me struktur\u00ebn e LSI-s\u00eb, Kryemadhi n\u00ebnvizoi se n\u00eb bulevard nuk do t\u00eb jet\u00eb p\u00ebr Ilir Met\u00ebn dhe rendit arsyet pse. &#8220;M\u00eb 2 mars do marr pjes\u00eb si qytetare, jo se [&hellip;]<\/p>\n","protected":false},"author":2013,"featured_media":122532,"comment_status":"open","ping_status":"closed","sticky":false,"template":"","format":"standard","meta":{"footnotes":""},"categories":[241,235],"tags":[],"class_list":{"0":"post-122531","1":"post","2":"type-post","3":"status-publish","4":"format-standard","5":"has-post-thumbnail","7":"category-aktualitet","8":"category-vendi"},"_links":{"self":[{"href":"https:\/\/zjarr.tv\/sq\/wp-json\/wp\/v2\/posts\/122531","targetHints":{"allow":["GET"]}}],"collection":[{"href":"https:\/\/zjarr.tv\/sq\/wp-json\/wp\/v2\/posts"}],"about":[{"href":"https:\/\/zjarr.tv\/sq\/wp-json\/wp\/v2\/types\/post"}],"author":[{"embeddable":true,"href":"https:\/\/zjarr.tv\/sq\/wp-json\/wp\/v2\/users\/2013"}],"replies":[{"embeddable":true,"href":"https:\/\/zjarr.tv\/sq\/wp-json\/wp\/v2\/comments?post=122531"}],"version-history":[{"count":0,"href":"https:\/\/zjarr.tv\/sq\/wp-json\/wp\/v2\/posts\/122531\/revisions"}],"wp:featuredmedia":[{"embeddable":true,"href":"https:\/\/zjarr.tv\/sq\/wp-json\/wp\/v2\/media\/122532"}],"wp:attachment":[{"href":"https:\/\/zjarr.tv\/sq\/wp-json\/wp\/v2\/media?parent=122531"}],"wp:term":[{"taxonomy":"category","embeddable":true,"href":"https:\/\/zjarr.tv\/sq\/wp-json\/wp\/v2\/categories?post=122531"},{"taxonomy":"post_tag","embeddable":true,"href":"https:\/\/zjarr.tv\/sq\/wp-json\/wp\/v2\/tags?post=122531"}],"curies":[{"name":"wp","href":"https:\/\/api.w.org\/{rel}","templated":true}]}}