{"id":122534,"date":"2020-02-22T14:59:58","date_gmt":"2020-02-22T13:59:58","guid":{"rendered":"https:\/\/zjarr.tv\/?p=122534"},"modified":"2020-02-22T14:59:58","modified_gmt":"2020-02-22T13:59:58","slug":"basha-takon-nenat-dhe-grate-ne-fier-dite-me-te-mira-do-vijne-duhet-te-jemi-bashke","status":"publish","type":"post","link":"https:\/\/zjarr.tv\/sq\/basha-takon-nenat-dhe-grate-ne-fier-dite-me-te-mira-do-vijne-duhet-te-jemi-bashke\/","title":{"rendered":"Basha takon n\u00ebnat dhe grat\u00eb n\u00eb Fier: Dit\u00eb m\u00eb t\u00eb mira do vijn\u00eb, duhet t\u00eb jemi bashk\u00eb"},"content":{"rendered":"<p>Kryetari i PD, Luzlim Basha ishte n\u00eb Fier, ku u takua m\u00eb disa \u00a0gra dhe n\u00ebna t\u00eb k\u00ebtij qyteti.<\/p>\n<p>Basha thot\u00eb se ato p\u00ebrballen \u00e7do dit\u00eb me v\u00ebshtir\u00ebsi.<\/p>\n<p>Edhe pse n\u00eb kushtet e mbijetes\u00ebs, shprehet kreu i PD, ato jan\u00eb me kurajo dhe dinjitet, por edhe me shpres\u00eb se dit\u00eb m\u00eb t\u00eb mira do vijn\u00eb p\u00ebr to dhe p\u00ebr familjet e tyre. Sepse fierak\u00ebt dhe gjith\u00eb shqiptar\u00ebt meritojn\u00eb t\u00eb nes\u00ebrme m\u00eb t\u00eb mir\u00eb, thot\u00eb Basha.<\/p>\n<p><strong>Lulzim Basha:<\/strong>\u00a0<em>K\u00ebta s&#8217;kan\u00eb vesh p\u00ebr t\u00eb d\u00ebgjuar. K\u00ebta nuk kan\u00eb zem\u00ebr p\u00ebr ti kuptuar problemet tuaja. K\u00ebta e kan\u00eb mendjen vet\u00ebm p\u00ebr t\u00eb zhvatur. Do ta kalojm\u00eb edhe k\u00ebt\u00eb, vet\u00ebm duhet t\u00eb jemi bashk\u00eb sepse kur jemi bashk\u00eb nuk ju c\u00ebnon njeri.<\/em><\/p>\n","protected":false},"excerpt":{"rendered":"<p>Kryetari i PD, Luzlim Basha ishte n\u00eb Fier, ku u takua m\u00eb disa \u00a0gra dhe n\u00ebna t\u00eb k\u00ebtij qyteti. Basha thot\u00eb se ato p\u00ebrballen \u00e7do dit\u00eb me v\u00ebshtir\u00ebsi. Edhe pse n\u00eb kushtet e mbijetes\u00ebs, shprehet kreu i PD, ato jan\u00eb me kurajo dhe dinjitet, por edhe me shpres\u00eb se dit\u00eb m\u00eb t\u00eb mira do vijn\u00eb [&hellip;]<\/p>\n","protected":false},"author":2013,"featured_media":122535,"comment_status":"open","ping_status":"closed","sticky":false,"template":"","format":"standard","meta":{"footnotes":""},"categories":[241,235],"tags":[],"class_list":{"0":"post-122534","1":"post","2":"type-post","3":"status-publish","4":"format-standard","5":"has-post-thumbnail","7":"category-aktualitet","8":"category-vendi"},"_links":{"self":[{"href":"https:\/\/zjarr.tv\/sq\/wp-json\/wp\/v2\/posts\/122534","targetHints":{"allow":["GET"]}}],"collection":[{"href":"https:\/\/zjarr.tv\/sq\/wp-json\/wp\/v2\/posts"}],"about":[{"href":"https:\/\/zjarr.tv\/sq\/wp-json\/wp\/v2\/types\/post"}],"author":[{"embeddable":true,"href":"https:\/\/zjarr.tv\/sq\/wp-json\/wp\/v2\/users\/2013"}],"replies":[{"embeddable":true,"href":"https:\/\/zjarr.tv\/sq\/wp-json\/wp\/v2\/comments?post=122534"}],"version-history":[{"count":0,"href":"https:\/\/zjarr.tv\/sq\/wp-json\/wp\/v2\/posts\/122534\/revisions"}],"wp:featuredmedia":[{"embeddable":true,"href":"https:\/\/zjarr.tv\/sq\/wp-json\/wp\/v2\/media\/122535"}],"wp:attachment":[{"href":"https:\/\/zjarr.tv\/sq\/wp-json\/wp\/v2\/media?parent=122534"}],"wp:term":[{"taxonomy":"category","embeddable":true,"href":"https:\/\/zjarr.tv\/sq\/wp-json\/wp\/v2\/categories?post=122534"},{"taxonomy":"post_tag","embeddable":true,"href":"https:\/\/zjarr.tv\/sq\/wp-json\/wp\/v2\/tags?post=122534"}],"curies":[{"name":"wp","href":"https:\/\/api.w.org\/{rel}","templated":true}]}}