{"id":122537,"date":"2020-02-22T15:07:34","date_gmt":"2020-02-22T14:07:34","guid":{"rendered":"https:\/\/zjarr.tv\/?p=122537"},"modified":"2020-02-22T15:07:34","modified_gmt":"2020-02-22T14:07:34","slug":"italia-ne-panik-shenohet-viktima-e-dyte-nga-koronavirusi","status":"publish","type":"post","link":"https:\/\/zjarr.tv\/sq\/italia-ne-panik-shenohet-viktima-e-dyte-nga-koronavirusi\/","title":{"rendered":"Italia n\u00eb PANIK, sh\u00ebnohet viktima e dyt\u00eb nga koronavirusi"},"content":{"rendered":"<p>Italia \u00ebsht\u00eb n\u00eb nj\u00eb situat\u00eb paniku pas viktim\u00ebs s\u00eb par\u00eb t\u00eb sh\u00ebnuar nga koronavirusi \u00ebsht\u00eb regjistruar edhe viktima e dyt\u00eb. Viktima e par\u00eb ishte Adriano Trevisan 78 vje\u00e7, i cili ka nd\u00ebrruar jet\u00eb n\u00eb spitalin Schiavonia t\u00eb Padov\u00ebs.<br \/>\nNd\u00ebrsa, viktima e dyt\u00eb \u00ebsht\u00eb nj\u00eb grua, emri i t\u00eb cil\u00ebs nuk \u00ebsht\u00eb b\u00ebr\u00eb ende me dije nga mediat italiane. M\u00ebsohet se n\u00eb t\u00eb nj\u00ebjtin spital ndodhet i shtruar dhe nj\u00eb tjet\u00ebr person i prekur nga koronavirusi, q\u00eb i p\u00ebrket bashkis\u00eb s\u00eb Cinto Euganeo.<br \/>\nKujtojm\u00eb se deri m\u00eb tani n\u00eb Itali numri i t\u00eb prekurve nga koronavirusi ka shkuar n\u00eb 20. Nd\u00ebrsa n\u00eb t\u00eb gjith\u00eb bot\u00ebn ka arritur n\u00eb 2236 numri i personave q\u00eb kan\u00eb humbur jet\u00ebn dhe 75 mij\u00eb jan\u00eb t\u00eb infektuar.<\/p>\n","protected":false},"excerpt":{"rendered":"<p>Italia \u00ebsht\u00eb n\u00eb nj\u00eb situat\u00eb paniku pas viktim\u00ebs s\u00eb par\u00eb t\u00eb sh\u00ebnuar nga koronavirusi \u00ebsht\u00eb regjistruar edhe viktima e dyt\u00eb. Viktima e par\u00eb ishte Adriano Trevisan 78 vje\u00e7, i cili ka nd\u00ebrruar jet\u00eb n\u00eb spitalin Schiavonia t\u00eb Padov\u00ebs. Nd\u00ebrsa, viktima e dyt\u00eb \u00ebsht\u00eb nj\u00eb grua, emri i t\u00eb cil\u00ebs nuk \u00ebsht\u00eb b\u00ebr\u00eb ende me dije [&hellip;]<\/p>\n","protected":false},"author":2013,"featured_media":122538,"comment_status":"open","ping_status":"closed","sticky":false,"template":"","format":"standard","meta":{"footnotes":""},"categories":[241,235],"tags":[],"class_list":{"0":"post-122537","1":"post","2":"type-post","3":"status-publish","4":"format-standard","5":"has-post-thumbnail","7":"category-aktualitet","8":"category-vendi"},"_links":{"self":[{"href":"https:\/\/zjarr.tv\/sq\/wp-json\/wp\/v2\/posts\/122537","targetHints":{"allow":["GET"]}}],"collection":[{"href":"https:\/\/zjarr.tv\/sq\/wp-json\/wp\/v2\/posts"}],"about":[{"href":"https:\/\/zjarr.tv\/sq\/wp-json\/wp\/v2\/types\/post"}],"author":[{"embeddable":true,"href":"https:\/\/zjarr.tv\/sq\/wp-json\/wp\/v2\/users\/2013"}],"replies":[{"embeddable":true,"href":"https:\/\/zjarr.tv\/sq\/wp-json\/wp\/v2\/comments?post=122537"}],"version-history":[{"count":0,"href":"https:\/\/zjarr.tv\/sq\/wp-json\/wp\/v2\/posts\/122537\/revisions"}],"wp:featuredmedia":[{"embeddable":true,"href":"https:\/\/zjarr.tv\/sq\/wp-json\/wp\/v2\/media\/122538"}],"wp:attachment":[{"href":"https:\/\/zjarr.tv\/sq\/wp-json\/wp\/v2\/media?parent=122537"}],"wp:term":[{"taxonomy":"category","embeddable":true,"href":"https:\/\/zjarr.tv\/sq\/wp-json\/wp\/v2\/categories?post=122537"},{"taxonomy":"post_tag","embeddable":true,"href":"https:\/\/zjarr.tv\/sq\/wp-json\/wp\/v2\/tags?post=122537"}],"curies":[{"name":"wp","href":"https:\/\/api.w.org\/{rel}","templated":true}]}}