{"id":122540,"date":"2020-02-22T15:56:21","date_gmt":"2020-02-22T14:56:21","guid":{"rendered":"https:\/\/zjarr.tv\/?p=122540"},"modified":"2020-02-22T15:56:21","modified_gmt":"2020-02-22T14:56:21","slug":"ndahet-nga-jeta-kryebashkiaku-i-rrogozhines","status":"publish","type":"post","link":"https:\/\/zjarr.tv\/sq\/ndahet-nga-jeta-kryebashkiaku-i-rrogozhines\/","title":{"rendered":"Ndahet nga jeta kryebashkiaku i Rrogozhin\u00ebs"},"content":{"rendered":"<div class=\"readmore-text-here\">\n<p>\u00cbsht\u00eb ndar\u00eb n\u00eb m\u00ebnyr\u00eb t\u00eb papritur nga jeta kryetari i Bashkis\u00eb s\u00eb Rrogozhin\u00ebs, Haxhi Memolla. Infarkti i ka marr\u00eb jet\u00ebn kryebashkiakut t\u00eb Rrogozhin\u00ebs.Memolla i zgjedhur nga PS-ja, mori k\u00ebt\u00eb detyr\u00eb pas 30 qershorit, kur u zhvilluan edhe zgjedhjet monopartiake. Me heret kete detyre e mbante, Beqir Nuredini i zgjedhur nga PDIU-ja.<\/p>\n<div id=\"rekl-42\"><\/div>\n<\/div>\n<div id=\"rekl-33\"><\/div>\n","protected":false},"excerpt":{"rendered":"<p>\u00cbsht\u00eb ndar\u00eb n\u00eb m\u00ebnyr\u00eb t\u00eb papritur nga jeta kryetari i Bashkis\u00eb s\u00eb Rrogozhin\u00ebs, Haxhi Memolla. Infarkti i ka marr\u00eb jet\u00ebn kryebashkiakut t\u00eb Rrogozhin\u00ebs.Memolla i zgjedhur nga PS-ja, mori k\u00ebt\u00eb detyr\u00eb pas 30 qershorit, kur u zhvilluan edhe zgjedhjet monopartiake. Me heret kete detyre e mbante, Beqir Nuredini i zgjedhur nga PDIU-ja.<\/p>\n","protected":false},"author":2013,"featured_media":38161,"comment_status":"open","ping_status":"closed","sticky":false,"template":"","format":"standard","meta":{"footnotes":""},"categories":[241,235],"tags":[],"class_list":{"0":"post-122540","1":"post","2":"type-post","3":"status-publish","4":"format-standard","5":"has-post-thumbnail","7":"category-aktualitet","8":"category-vendi"},"_links":{"self":[{"href":"https:\/\/zjarr.tv\/sq\/wp-json\/wp\/v2\/posts\/122540","targetHints":{"allow":["GET"]}}],"collection":[{"href":"https:\/\/zjarr.tv\/sq\/wp-json\/wp\/v2\/posts"}],"about":[{"href":"https:\/\/zjarr.tv\/sq\/wp-json\/wp\/v2\/types\/post"}],"author":[{"embeddable":true,"href":"https:\/\/zjarr.tv\/sq\/wp-json\/wp\/v2\/users\/2013"}],"replies":[{"embeddable":true,"href":"https:\/\/zjarr.tv\/sq\/wp-json\/wp\/v2\/comments?post=122540"}],"version-history":[{"count":0,"href":"https:\/\/zjarr.tv\/sq\/wp-json\/wp\/v2\/posts\/122540\/revisions"}],"wp:featuredmedia":[{"embeddable":true,"href":"https:\/\/zjarr.tv\/sq\/wp-json\/wp\/v2\/media\/38161"}],"wp:attachment":[{"href":"https:\/\/zjarr.tv\/sq\/wp-json\/wp\/v2\/media?parent=122540"}],"wp:term":[{"taxonomy":"category","embeddable":true,"href":"https:\/\/zjarr.tv\/sq\/wp-json\/wp\/v2\/categories?post=122540"},{"taxonomy":"post_tag","embeddable":true,"href":"https:\/\/zjarr.tv\/sq\/wp-json\/wp\/v2\/tags?post=122540"}],"curies":[{"name":"wp","href":"https:\/\/api.w.org\/{rel}","templated":true}]}}