{"id":122542,"date":"2020-02-22T16:06:14","date_gmt":"2020-02-22T15:06:14","guid":{"rendered":"https:\/\/zjarr.tv\/?p=122542"},"modified":"2020-02-22T16:06:14","modified_gmt":"2020-02-22T15:06:14","slug":"tre-persona-te-tjere-te-kerkuar-nga-policia","status":"publish","type":"post","link":"https:\/\/zjarr.tv\/sq\/tre-persona-te-tjere-te-kerkuar-nga-policia\/","title":{"rendered":"Tre persona t\u00eb tjer\u00eb t\u00eb k\u00ebrkuar nga policia"},"content":{"rendered":"<p>Policia e Shtetit ka publikuar fotot e tre personave t\u00eb tjer\u00eb, t\u00eb cil\u00ebt jan\u00eb t\u00eb k\u00ebrkuar nga policia p\u00ebr vrasje. Ata jan\u00eb Gentian (Eugen) Sula nga Kor\u00e7a, Besnik Lam\u00e7ja nga Elbasani dhe Kujtim Qordja nga Tirana.<\/p>\n<p><strong>\u00a0Gentian (Eugen) Sula<\/strong><\/p>\n<p>N\u00eb dat\u00ebn 19 mars 1997, n\u00eb lagjen nr. 5, Kor\u00e7\u00eb, shtetasi Gentian (Eugen) Sula, n\u00eb bashk\u00ebpunim me shtetas t\u00eb tjer\u00eb, ka vrar\u00eb me arm\u00eb zjarri, n\u00eb banes\u00ebn e tij, shtetasin B. F. dhe si pasoj\u00eb e shk\u00ebmbimit t\u00eb zjarrit ka gjetur vdekjen edhe bashk\u00ebpun\u00ebtori i Gentianit, shtetasi D. B.<\/p>\n<p>Gentian (Eugen) Sula \u00ebsht\u00eb d\u00ebnuar nga Gjykata e Apelit Kor\u00e7\u00eb, me 25 vjet burg, p\u00ebr veprat penale \u201cVrasja me paramendim, kryer n\u00eb bashk\u00ebpunim\u201d dhe \u201cArm\u00ebmbajtja pa leje\u201d.<\/p>\n<p><img decoding=\"async\" class=\"fr-fic fr-dib\" src=\"https:\/\/www.oranews.tv\/storage\/app\/media\/home\/ora\/public_html\/storage\/app\/media\/2020\/02\/22\/gentian_sula.jpg\" data-result=\"success\" \/><\/p>\n<p><strong>Besnik Lam\u00e7ja<\/strong><\/p>\n<p>N\u00eb dat\u00ebn 27 qershor 2000, n\u00eb vendin e quajtur &#8220;Magazinat e tregtis\u00eb&#8221;, n\u00eb rrug\u00ebn &#8220;Siri Kodra&#8221;, Besnik Lam\u00e7ja, n\u00eb bashk\u00ebpunim me shtetasin E. \u00c7., ka vrar\u00eb me arm\u00eb zjarri shtetasin G. U.<\/p>\n<p>Besnik Lam\u00e7ja \u00ebsht\u00eb d\u00ebnuar me 25 vjet burgim, nga Gjykata e Rrethit Gjyq\u00ebsor Tiran\u00eb, p\u00ebr veprat penale &#8220;Vrasja me paramendim, kryer n\u00eb bashk\u00ebpunim&#8221; dhe \u201cVjedhja me arm\u00eb\u201d.<\/p>\n<p><img decoding=\"async\" class=\"fr-fic fr-dib\" src=\"https:\/\/www.oranews.tv\/storage\/app\/media\/home\/ora\/public_html\/storage\/app\/media\/2020\/02\/22\/besnik_lamcja.jpg\" data-result=\"success\" \/><\/p>\n<p><strong>Kujtim Qordja<\/strong><\/p>\n<p>N\u00eb dat\u00ebn 17 janar 1999, n\u00eb vendin e quajtur \u201cUra e Babrroit\u201d, shtetasi Kujtim Qordja ka vrar\u00eb me arm\u00eb zjarri shtetasin P. U. (H).<\/p>\n<p>Kujtim Qordja \u00ebsht\u00eb d\u00ebnuar me 25 vjet burgim, nga Gjykata e Rrethit Gjyq\u00ebsor Tiran\u00eb, p\u00ebr vepr\u00ebn penale &#8220;Vrasja me paramendim, kryer n\u00eb bashk\u00ebpunim&#8221;.<\/p>\n<p><img decoding=\"async\" class=\"fr-fic fr-dib\" src=\"https:\/\/www.oranews.tv\/storage\/app\/media\/home\/ora\/public_html\/storage\/app\/media\/2020\/02\/22\/kujtim_qordja.jpg\" data-result=\"success\" \/><\/p>\n","protected":false},"excerpt":{"rendered":"<p>Policia e Shtetit ka publikuar fotot e tre personave t\u00eb tjer\u00eb, t\u00eb cil\u00ebt jan\u00eb t\u00eb k\u00ebrkuar nga policia p\u00ebr vrasje. Ata jan\u00eb Gentian (Eugen) Sula nga Kor\u00e7a, Besnik Lam\u00e7ja nga Elbasani dhe Kujtim Qordja nga Tirana. \u00a0Gentian (Eugen) Sula N\u00eb dat\u00ebn 19 mars 1997, n\u00eb lagjen nr. 5, Kor\u00e7\u00eb, shtetasi Gentian (Eugen) Sula, n\u00eb bashk\u00ebpunim [&hellip;]<\/p>\n","protected":false},"author":2013,"featured_media":122543,"comment_status":"open","ping_status":"closed","sticky":false,"template":"","format":"standard","meta":{"footnotes":""},"categories":[241,235],"tags":[],"class_list":{"0":"post-122542","1":"post","2":"type-post","3":"status-publish","4":"format-standard","5":"has-post-thumbnail","7":"category-aktualitet","8":"category-vendi"},"_links":{"self":[{"href":"https:\/\/zjarr.tv\/sq\/wp-json\/wp\/v2\/posts\/122542","targetHints":{"allow":["GET"]}}],"collection":[{"href":"https:\/\/zjarr.tv\/sq\/wp-json\/wp\/v2\/posts"}],"about":[{"href":"https:\/\/zjarr.tv\/sq\/wp-json\/wp\/v2\/types\/post"}],"author":[{"embeddable":true,"href":"https:\/\/zjarr.tv\/sq\/wp-json\/wp\/v2\/users\/2013"}],"replies":[{"embeddable":true,"href":"https:\/\/zjarr.tv\/sq\/wp-json\/wp\/v2\/comments?post=122542"}],"version-history":[{"count":0,"href":"https:\/\/zjarr.tv\/sq\/wp-json\/wp\/v2\/posts\/122542\/revisions"}],"wp:featuredmedia":[{"embeddable":true,"href":"https:\/\/zjarr.tv\/sq\/wp-json\/wp\/v2\/media\/122543"}],"wp:attachment":[{"href":"https:\/\/zjarr.tv\/sq\/wp-json\/wp\/v2\/media?parent=122542"}],"wp:term":[{"taxonomy":"category","embeddable":true,"href":"https:\/\/zjarr.tv\/sq\/wp-json\/wp\/v2\/categories?post=122542"},{"taxonomy":"post_tag","embeddable":true,"href":"https:\/\/zjarr.tv\/sq\/wp-json\/wp\/v2\/tags?post=122542"}],"curies":[{"name":"wp","href":"https:\/\/api.w.org\/{rel}","templated":true}]}}