{"id":122545,"date":"2020-02-22T17:00:08","date_gmt":"2020-02-22T16:00:08","guid":{"rendered":"https:\/\/zjarr.tv\/?p=122545"},"modified":"2020-02-22T17:00:08","modified_gmt":"2020-02-22T16:00:08","slug":"rama-i-kthen-pergjigje-pd-se-mos-humbim-kohe-me-ta-jane-te-denuar-te-perpeliten-ne-zjarrin-e-urrejtjes-se-tyre","status":"publish","type":"post","link":"https:\/\/zjarr.tv\/sq\/rama-i-kthen-pergjigje-pd-se-mos-humbim-kohe-me-ta-jane-te-denuar-te-perpeliten-ne-zjarrin-e-urrejtjes-se-tyre\/","title":{"rendered":"Rama i kthen p\u00ebrgjigje PD-s\u00eb: Mos humbim koh\u00eb me ta, jan\u00eb t\u00eb d\u00ebnuar t\u00eb p\u00ebrp\u00ebliten n\u00eb zjarrin e urrejtjes s\u00eb tyre"},"content":{"rendered":"<p>Kryeministri Rama i kthen reagon pas akuzave t\u00eb Partis\u00eb Demokratike n\u00eb lidhje me parat\u00eb e mbledhura n\u00eb Konferenc\u00ebn e Donator\u00ebve.<\/p>\n<p>P\u00ebrmes nj\u00eb statusi n\u00eb Twitter, Rama shkruan se tamam kur BE tregoi dashurin\u00eb p\u00ebr Shqip\u00ebrin\u00eb n\u00eb 17 shkurt, ata u marros\u00ebn.<\/p>\n<p>Rama shkruan m\u00eb tej se ata jan\u00eb t\u00eb d\u00ebnuar t\u00eb p\u00ebrp\u00ebliten n\u00eb zjarrin e urrejtjes s\u00eb tyre.<\/p>\n<p><strong>Rama:<\/strong>\u00a0<em>Sa m\u00eb shum\u00eb Shqip\u00ebria forcon trupin e saj t\u00eb brisht\u00eb, aq m\u00eb shum\u00eb ata q\u00eb e penguan, shfryt\u00ebzuan, d\u00ebrrmuan p\u00ebr vite t\u00eb t\u00ebra, d\u00ebshp\u00ebrohen e l\u00ebshojn\u00eb gjuh\u00ebn jasht\u00eb kontrollit! Tamam kur Shqip\u00ebris\u00eb i\u2019u b\u00eb nj\u00eb deklarat\u00eb publike dashurie nga BE dhe bota mbar\u00eb n\u00eb 17 shkurt, ata u marros\u00ebn&#8230;<\/em><\/p>\n<p><em>Mos humbim koh\u00eb me ta, jan\u00eb t\u00eb d\u00ebnuar t\u00eb p\u00ebrp\u00ebliten n\u00eb zjarrin e urrejtjes s\u00eb tyre e t\u00eb \u00e7irren gjithnj\u00eb e m\u00eb fort kund\u00ebr nesh! Shqip\u00ebria i ka l\u00ebn\u00eb pas dhe k\u00ebrkon nga ne ta \u00e7ojm\u00eb p\u00ebrpara; duke e forcuar \u00e7do dit\u00eb, p\u00ebrmes reformave e pun\u00ebve q\u00eb s\u2019u b\u00ebn\u00eb kurr\u00eb n\u00eb koh\u00ebn e tyre t\u00eb shkuar.<\/em><\/p>\n","protected":false},"excerpt":{"rendered":"<p>Kryeministri Rama i kthen reagon pas akuzave t\u00eb Partis\u00eb Demokratike n\u00eb lidhje me parat\u00eb e mbledhura n\u00eb Konferenc\u00ebn e Donator\u00ebve. P\u00ebrmes nj\u00eb statusi n\u00eb Twitter, Rama shkruan se tamam kur BE tregoi dashurin\u00eb p\u00ebr Shqip\u00ebrin\u00eb n\u00eb 17 shkurt, ata u marros\u00ebn. Rama shkruan m\u00eb tej se ata jan\u00eb t\u00eb d\u00ebnuar t\u00eb p\u00ebrp\u00ebliten n\u00eb zjarrin e [&hellip;]<\/p>\n","protected":false},"author":2013,"featured_media":122546,"comment_status":"open","ping_status":"closed","sticky":false,"template":"","format":"standard","meta":{"footnotes":""},"categories":[241,235],"tags":[],"class_list":{"0":"post-122545","1":"post","2":"type-post","3":"status-publish","4":"format-standard","5":"has-post-thumbnail","7":"category-aktualitet","8":"category-vendi"},"_links":{"self":[{"href":"https:\/\/zjarr.tv\/sq\/wp-json\/wp\/v2\/posts\/122545","targetHints":{"allow":["GET"]}}],"collection":[{"href":"https:\/\/zjarr.tv\/sq\/wp-json\/wp\/v2\/posts"}],"about":[{"href":"https:\/\/zjarr.tv\/sq\/wp-json\/wp\/v2\/types\/post"}],"author":[{"embeddable":true,"href":"https:\/\/zjarr.tv\/sq\/wp-json\/wp\/v2\/users\/2013"}],"replies":[{"embeddable":true,"href":"https:\/\/zjarr.tv\/sq\/wp-json\/wp\/v2\/comments?post=122545"}],"version-history":[{"count":0,"href":"https:\/\/zjarr.tv\/sq\/wp-json\/wp\/v2\/posts\/122545\/revisions"}],"wp:featuredmedia":[{"embeddable":true,"href":"https:\/\/zjarr.tv\/sq\/wp-json\/wp\/v2\/media\/122546"}],"wp:attachment":[{"href":"https:\/\/zjarr.tv\/sq\/wp-json\/wp\/v2\/media?parent=122545"}],"wp:term":[{"taxonomy":"category","embeddable":true,"href":"https:\/\/zjarr.tv\/sq\/wp-json\/wp\/v2\/categories?post=122545"},{"taxonomy":"post_tag","embeddable":true,"href":"https:\/\/zjarr.tv\/sq\/wp-json\/wp\/v2\/tags?post=122545"}],"curies":[{"name":"wp","href":"https:\/\/api.w.org\/{rel}","templated":true}]}}