{"id":122552,"date":"2020-02-23T11:23:17","date_gmt":"2020-02-23T10:23:17","guid":{"rendered":"https:\/\/zjarr.tv\/?p=122552"},"modified":"2020-02-23T11:23:17","modified_gmt":"2020-02-23T10:23:17","slug":"marshim-per-pagat-naftetareve-te-ballshit-u-bashkohen-minatoret-e-bulqizes","status":"publish","type":"post","link":"https:\/\/zjarr.tv\/sq\/marshim-per-pagat-naftetareve-te-ballshit-u-bashkohen-minatoret-e-bulqizes\/","title":{"rendered":"Marshim p\u00ebr pagat, naft\u00ebtar\u00ebve t\u00eb Ballshit u bashkohen minator\u00ebt e Bulqiz\u00ebs"},"content":{"rendered":"<p>Vijon t\u00eb r\u00ebndohet or\u00eb pas ore gjendja e punonj\u00ebsve t\u00eb uzin\u00ebs s\u00eb naft\u00ebs n\u00eb grev\u00eb urie prej 10 dit\u00ebsh.<\/p>\n<p>Tre prej tyre p\u00ebrfunduan n\u00eb spital t\u00eb shtun\u00ebn, por than\u00eb se do t\u00eb kthehen s\u00ebrish aty deri n\u00eb fund p\u00ebr pagat dhe rinisjen e pun\u00ebs.<\/p>\n<p>Nd\u00ebrkoh\u00eb shtyrja p\u00ebr t\u00eb mart\u00ebn e premtimit p\u00ebr tre pagat, i ka b\u00ebr\u00eb ata edhe m\u00eb shum\u00eb mosbesues p\u00ebrball\u00eb qeveris\u00eb dhe kompanis\u00eb.<\/p>\n<p>N\u00eb or\u00ebn 10 t\u00eb k\u00ebsaj t\u00eb diele, naft\u00ebtar\u00ebt s\u00eb bashku me familjar\u00ebt e tyre pritet t\u00eb zhvillojn\u00eb nj\u00eb marshim paq\u00ebsor drejt qendr\u00ebs s\u00eb qytetit.<\/p>\n<p>Protest\u00ebs do ti bashkohen edhe minator\u00ebt e Bulqiz\u00ebs.<\/p>\n<p>P\u00ebrfaq\u00ebsues t\u00eb minator\u00ebve ndodhen prane grevist\u00ebve t\u00eb Ballshit.<\/p>\n<p><em>&#8220;T\u00eb bashkohemi se bashku p\u00ebr t\u00eb drejtat tona . Po b\u00ebhen vite q\u00eb minatoret nuk kan\u00eb marr\u00eb nj\u00eb status . Probleme t\u00eb m\u00ebdha sh\u00ebndet\u00ebsore&#8221; tha kryetari i sindikat\u00ebs \u00a0se minator\u00ebve, Elton Debreshi.<\/em><\/p>\n<p>Punonj\u00ebsit e Po\u00e7emit jan\u00eb sot n\u00eb dit\u00ebn e 11 t\u00eb grev\u00ebs s\u00eb uris\u00eb, nd\u00ebrsa naft\u00ebtar\u00ebt n\u00eb t\u00eb 7<\/p>\n","protected":false},"excerpt":{"rendered":"<p>Vijon t\u00eb r\u00ebndohet or\u00eb pas ore gjendja e punonj\u00ebsve t\u00eb uzin\u00ebs s\u00eb naft\u00ebs n\u00eb grev\u00eb urie prej 10 dit\u00ebsh. Tre prej tyre p\u00ebrfunduan n\u00eb spital t\u00eb shtun\u00ebn, por than\u00eb se do t\u00eb kthehen s\u00ebrish aty deri n\u00eb fund p\u00ebr pagat dhe rinisjen e pun\u00ebs. Nd\u00ebrkoh\u00eb shtyrja p\u00ebr t\u00eb mart\u00ebn e premtimit p\u00ebr tre pagat, i [&hellip;]<\/p>\n","protected":false},"author":2013,"featured_media":122285,"comment_status":"open","ping_status":"closed","sticky":false,"template":"","format":"standard","meta":{"footnotes":""},"categories":[241,235],"tags":[],"class_list":{"0":"post-122552","1":"post","2":"type-post","3":"status-publish","4":"format-standard","5":"has-post-thumbnail","7":"category-aktualitet","8":"category-vendi"},"_links":{"self":[{"href":"https:\/\/zjarr.tv\/sq\/wp-json\/wp\/v2\/posts\/122552","targetHints":{"allow":["GET"]}}],"collection":[{"href":"https:\/\/zjarr.tv\/sq\/wp-json\/wp\/v2\/posts"}],"about":[{"href":"https:\/\/zjarr.tv\/sq\/wp-json\/wp\/v2\/types\/post"}],"author":[{"embeddable":true,"href":"https:\/\/zjarr.tv\/sq\/wp-json\/wp\/v2\/users\/2013"}],"replies":[{"embeddable":true,"href":"https:\/\/zjarr.tv\/sq\/wp-json\/wp\/v2\/comments?post=122552"}],"version-history":[{"count":0,"href":"https:\/\/zjarr.tv\/sq\/wp-json\/wp\/v2\/posts\/122552\/revisions"}],"wp:featuredmedia":[{"embeddable":true,"href":"https:\/\/zjarr.tv\/sq\/wp-json\/wp\/v2\/media\/122285"}],"wp:attachment":[{"href":"https:\/\/zjarr.tv\/sq\/wp-json\/wp\/v2\/media?parent=122552"}],"wp:term":[{"taxonomy":"category","embeddable":true,"href":"https:\/\/zjarr.tv\/sq\/wp-json\/wp\/v2\/categories?post=122552"},{"taxonomy":"post_tag","embeddable":true,"href":"https:\/\/zjarr.tv\/sq\/wp-json\/wp\/v2\/tags?post=122552"}],"curies":[{"name":"wp","href":"https:\/\/api.w.org\/{rel}","templated":true}]}}