{"id":122556,"date":"2020-02-23T12:27:37","date_gmt":"2020-02-23T11:27:37","guid":{"rendered":"https:\/\/zjarr.tv\/?p=122556"},"modified":"2020-02-23T12:27:37","modified_gmt":"2020-02-23T11:27:37","slug":"kapen-me-pasaporta-franceze-ne-rinas-pranga-3-klandestineve-nga-gana-e-kameruni","status":"publish","type":"post","link":"https:\/\/zjarr.tv\/sq\/kapen-me-pasaporta-franceze-ne-rinas-pranga-3-klandestineve-nga-gana-e-kameruni\/","title":{"rendered":"Kapen me pasaporta franceze n\u00eb Rinas, pranga 3 klandestin\u00ebve nga Gana e Kameruni"},"content":{"rendered":"<p>Finalizohet nj\u00eb tjet\u00ebr operacion p\u00ebr parandalimin e kalimit t\u00eb paligjsh\u00ebm t\u00eb kufirit n\u00eb Rinas. Operacioni i koduar \u201cShp\u00ebrblimi\u201d \u00a0vuri n\u00eb pranga tre shtetas nga Gana dhe Kameruni, si u dhe shpallen n\u00eb k\u00ebrkim dy t\u00eb tjer\u00eb nga Franca.<\/p>\n<p>Policia sekuestroi pasaporta e karta identiteti q\u00eb do p\u00ebrdoreshin me an\u00eb t\u00eb ngjashm\u00ebris\u00eb, p\u00ebr t\u00eb kaluar kufirin drejt vendeve t\u00eb BE-s\u00eb.<\/p>\n<p><strong>T\u00eb arrestuarit jan\u00eb<\/strong><\/p>\n<p>-J. B., 21 vje\u00e7, lindur dhe banues n\u00eb Kamerun (organizator);<\/p>\n<p>-B. A., 34 vje\u00e7, lindur dhe banues n\u00eb Gana;<\/p>\n<p>-J. B., 23 vje\u00e7, lindur dhe banues n\u00eb Kamerun;<\/p>\n<p><strong>U shpall\u00ebn n\u00eb k\u00ebrkim shtetasit francez\u00eb<\/strong><\/p>\n<p>-D. I<\/p>\n<p>&#8211; B. Y<\/p>\n<p><strong>Skema-\u00a0<\/strong>Nga hetimet e kryera nga policia ka rezultuar se shtetasi B. A., kundrejt shp\u00ebrblimit monetar, ka siguruar nga shtetasi J. B., nj\u00eb pasaport\u00eb franceze q\u00eb i p\u00ebrkiste shtetasit D. I. dhe duke p\u00ebrfituar nga ngjash\u00ebria fizike me k\u00ebt\u00eb shtetas ka tentuar t\u00eb udh\u00ebtoj\u00eb me k\u00ebt\u00eb pasaport\u00eb nga aeroporti i Rinasit n\u00eb drejtim t\u00eb vendeve t\u00eb BE-s\u00eb.<\/p>\n<p>Po nga hetimet ka rezultuar se 23-vje\u00e7ari \u00a0J. B., kundrejt shp\u00ebrblimit monetar ka siguruar nga 21-vje\u00e7ari J. B., nj\u00eb kart\u00eb identiteti franceze q\u00eb i p\u00ebrket shtetasit B. Y. dhe duke p\u00ebrfituar nga ngjash\u00ebria fizike me k\u00ebt\u00eb shtetas ka tentuar t\u00eb udh\u00ebtoj\u00eb me k\u00ebt\u00eb pasaport\u00eb nga aeroporti i Rinasit n\u00eb drejtim t\u00eb vendeve t\u00eb BE-s\u00eb.<\/p>\n<p>Policia ka dyshime se personat e m\u00ebsip\u00ebrm \u00a0kan\u00eb \u00a0bashk\u00ebpun\u00ebtor\u00eb edhe shtetas shqiptar, p\u00ebr t\u00eb cil\u00ebt po punohet p\u00ebr identifikimin e tyre.<\/p>\n<p>Materialet proceduriale do t\u2019i kalojn\u00eb Prokuroris\u00eb pran\u00eb Gjykat\u00ebs s\u00eb Shkall\u00ebs s\u00eb Par\u00eb Tiran\u00eb, p\u00ebr veprime t\u00eb m\u00ebtejshme hetimore, p\u00ebr veprat penale \u201cNdihma p\u00ebr kalim t\u00eb paligjsh\u00ebm t\u00eb kufirit\u201d dhe \u201cFalsifikimi i let\u00ebrnjoftimeve, pasaportave ose i vizave<\/p>\n","protected":false},"excerpt":{"rendered":"<p>Finalizohet nj\u00eb tjet\u00ebr operacion p\u00ebr parandalimin e kalimit t\u00eb paligjsh\u00ebm t\u00eb kufirit n\u00eb Rinas. Operacioni i koduar \u201cShp\u00ebrblimi\u201d \u00a0vuri n\u00eb pranga tre shtetas nga Gana dhe Kameruni, si u dhe shpallen n\u00eb k\u00ebrkim dy t\u00eb tjer\u00eb nga Franca. Policia sekuestroi pasaporta e karta identiteti q\u00eb do p\u00ebrdoreshin me an\u00eb t\u00eb ngjashm\u00ebris\u00eb, p\u00ebr t\u00eb kaluar kufirin [&hellip;]<\/p>\n","protected":false},"author":2013,"featured_media":89494,"comment_status":"open","ping_status":"closed","sticky":false,"template":"","format":"standard","meta":{"footnotes":""},"categories":[241,235],"tags":[],"class_list":{"0":"post-122556","1":"post","2":"type-post","3":"status-publish","4":"format-standard","5":"has-post-thumbnail","7":"category-aktualitet","8":"category-vendi"},"_links":{"self":[{"href":"https:\/\/zjarr.tv\/sq\/wp-json\/wp\/v2\/posts\/122556","targetHints":{"allow":["GET"]}}],"collection":[{"href":"https:\/\/zjarr.tv\/sq\/wp-json\/wp\/v2\/posts"}],"about":[{"href":"https:\/\/zjarr.tv\/sq\/wp-json\/wp\/v2\/types\/post"}],"author":[{"embeddable":true,"href":"https:\/\/zjarr.tv\/sq\/wp-json\/wp\/v2\/users\/2013"}],"replies":[{"embeddable":true,"href":"https:\/\/zjarr.tv\/sq\/wp-json\/wp\/v2\/comments?post=122556"}],"version-history":[{"count":0,"href":"https:\/\/zjarr.tv\/sq\/wp-json\/wp\/v2\/posts\/122556\/revisions"}],"wp:featuredmedia":[{"embeddable":true,"href":"https:\/\/zjarr.tv\/sq\/wp-json\/wp\/v2\/media\/89494"}],"wp:attachment":[{"href":"https:\/\/zjarr.tv\/sq\/wp-json\/wp\/v2\/media?parent=122556"}],"wp:term":[{"taxonomy":"category","embeddable":true,"href":"https:\/\/zjarr.tv\/sq\/wp-json\/wp\/v2\/categories?post=122556"},{"taxonomy":"post_tag","embeddable":true,"href":"https:\/\/zjarr.tv\/sq\/wp-json\/wp\/v2\/tags?post=122556"}],"curies":[{"name":"wp","href":"https:\/\/api.w.org\/{rel}","templated":true}]}}