{"id":122558,"date":"2020-02-23T12:32:34","date_gmt":"2020-02-23T11:32:34","guid":{"rendered":"https:\/\/zjarr.tv\/?p=122558"},"modified":"2020-02-23T12:32:34","modified_gmt":"2020-02-23T11:32:34","slug":"aktori-konfirmon-pjesemarrjen-meta-2-marsi-referendum-bejne-si-tigra-por-jane-vetem-minj-para-popullit","status":"publish","type":"post","link":"https:\/\/zjarr.tv\/sq\/aktori-konfirmon-pjesemarrjen-meta-2-marsi-referendum-bejne-si-tigra-por-jane-vetem-minj-para-popullit\/","title":{"rendered":"Aktori konfirmon pjes\u00ebmarrjen, Meta: 2 marsi referendum, b\u00ebjn\u00eb si tigra por jan\u00eb vet\u00ebm minj para popullit"},"content":{"rendered":"<p>Presidenti i Republik\u00ebs Ilir Meta vijon komunikimin e vazhduesh\u00ebm jo vet\u00ebm me qytetar\u00ebt por edhe me personalitete t\u00eb njohura, t\u00eb cil\u00ebt jan\u00eb pozicionuar n\u00eb mb\u00ebshtetje \u00a0t\u00eb kauz\u00ebs s\u00eb tij.<\/p>\n<p>N\u00eb p\u00ebrgjigje t\u00eb nj\u00eb komenti t\u00eb aktorit t\u00eb njohur Neritan Li\u00e7aj i cili thot\u00eb se do t\u00eb jet\u00eb n\u00eb protest\u00ebn e thirrur m\u00eb 2 mars, \u00a0Meta e falenderon aktorin dhe thot\u00eb se i prej t\u00eb gjith\u00eb artist\u00ebt heronj dhe patriot\u00eb m\u00eb 2 mars n\u00eb mbrojtje t\u00eb Kushtetut\u00ebs.<\/p>\n<p>Kreu i Shtetit \u00a0thekson se n\u00ebse \u00a0organizata mafioze rr\u00ebmben Gjykat\u00ebn Kushtetutese ata do zhdukin jo ve\u00e7 tetarin por \u00e7do trash\u00ebgimi kulturore e komb\u00ebtare, ndaj ai i b\u00ebn thirrje popullit t\u00eb hap\u00eb syt\u00eb n\u00eb k\u00ebto momente vendimtare.<\/p>\n<p><strong><em>Ilir Meta:\u00a0<\/em><\/strong><em>Faleminderit i dashur Neritan!\u00a0<\/em><em>Ju pres me shum\u00eb k\u00ebnaq\u00ebsi, jo vet\u00ebm ju personalisht, por t\u00eb gjith\u00eb artist\u00ebt heronj dhe patriot\u00eb, n\u00eb 2 mars n\u00eb mbrojtje t\u00eb Kushtetut\u00ebs dhe Gjykat\u00ebs Kushtetuese. N\u00ebse organizata mafioze rr\u00ebmben n\u00eb m\u00ebnyr\u00eb anti-kushtetuse Gjykat\u00ebn Kushtetuese ata do zhdukin, jo vet\u00ebm teatrin, por \u00e7do trash\u00ebgimi kulturore e komb\u00ebtare p\u00ebr llogari t\u00eb disa oligark\u00ebve dhe organizat\u00ebs nd\u00ebrkomb\u00ebtare.<\/em><\/p>\n<p><em>Ndaj \u00ebsht\u00eb detyra ime si President i Republik\u00ebs t&#8217;i b\u00ebj thirrje t\u00eb gjith\u00eb popullit shqiptar t\u00eb hap\u00eb syt\u00eb mir\u00eb n\u00eb k\u00ebto momente de\u00e7izive p\u00ebr fatet e kombit dhe demokracis\u00eb. Shqiptar\u00ebt e bashkuar rreth Kushtetut\u00ebs dhe Flamurit Komb\u00ebtar do t\u00eb fitojn\u00eb!<\/em><\/p>\n<p><em>T\u00eb rivendosim plot\u00ebsisht rendin kushtetues dhe demokratik si\u00e7 e ka shprehur vullnetin e tij populli shqiptar me Referendum n\u00eb 22 n\u00ebntor 1998. Ndaj ta kthejm\u00eb 2 marsin n\u00eb nj\u00eb referendum madh\u00ebshtor t\u00eb triumfit t\u00eb sovranit ndaj pu\u00e7ist\u00ebve dhe tradhtar\u00ebve kudo qofshin. Presidenti i njeh prej koh\u00ebsh, por tani fytyrat e tyre hipokrite po i zbulojn\u00eb t\u00eb gjith\u00eb shqiptar\u00ebt. B\u00ebjn\u00eb si tigra p\u00ebr t\u00eb frik\u00ebsuar njer\u00ebzit e thjesht\u00eb, por jan\u00eb vet\u00ebm minj p\u00ebrpara popullit shqiptar dhe drejt\u00ebsis\u00eb q\u00eb do t\u00eb vij\u00eb. U zgjata pak, por ju dhe shum\u00eb artist\u00eb t\u00eb tjer\u00eb keni vite n\u00eb protest\u00eb p\u00ebr teatrin dhe meritoni mir\u00ebnjohjen e \u00e7do shqiptari.<\/em><\/p>\n<p><em>Ndaj ata do t\u00eb vin\u00eb, jo vet\u00ebm p\u00ebr t\u00eb mbrojtur t\u00eb drejtat e tyre kushtetuese q\u00eb dhunohen \u00e7do dit\u00eb, por dhe n\u00eb mir\u00ebnjohje t\u00eb protestes tuaj legjendare p\u00ebrball\u00eb band\u00ebs q\u00eb nuk njeh Kushtetut\u00eb, ligj, konvent\u00eb nd\u00ebrkomb\u00ebtare dhe atdhe<\/em><\/p>\n","protected":false},"excerpt":{"rendered":"<p>Presidenti i Republik\u00ebs Ilir Meta vijon komunikimin e vazhduesh\u00ebm jo vet\u00ebm me qytetar\u00ebt por edhe me personalitete t\u00eb njohura, t\u00eb cil\u00ebt jan\u00eb pozicionuar n\u00eb mb\u00ebshtetje \u00a0t\u00eb kauz\u00ebs s\u00eb tij. N\u00eb p\u00ebrgjigje t\u00eb nj\u00eb komenti t\u00eb aktorit t\u00eb njohur Neritan Li\u00e7aj i cili thot\u00eb se do t\u00eb jet\u00eb n\u00eb protest\u00ebn e thirrur m\u00eb 2 mars, \u00a0Meta [&hellip;]<\/p>\n","protected":false},"author":2013,"featured_media":115193,"comment_status":"open","ping_status":"closed","sticky":false,"template":"","format":"standard","meta":{"footnotes":""},"categories":[241,235],"tags":[],"class_list":{"0":"post-122558","1":"post","2":"type-post","3":"status-publish","4":"format-standard","5":"has-post-thumbnail","7":"category-aktualitet","8":"category-vendi"},"_links":{"self":[{"href":"https:\/\/zjarr.tv\/sq\/wp-json\/wp\/v2\/posts\/122558","targetHints":{"allow":["GET"]}}],"collection":[{"href":"https:\/\/zjarr.tv\/sq\/wp-json\/wp\/v2\/posts"}],"about":[{"href":"https:\/\/zjarr.tv\/sq\/wp-json\/wp\/v2\/types\/post"}],"author":[{"embeddable":true,"href":"https:\/\/zjarr.tv\/sq\/wp-json\/wp\/v2\/users\/2013"}],"replies":[{"embeddable":true,"href":"https:\/\/zjarr.tv\/sq\/wp-json\/wp\/v2\/comments?post=122558"}],"version-history":[{"count":0,"href":"https:\/\/zjarr.tv\/sq\/wp-json\/wp\/v2\/posts\/122558\/revisions"}],"wp:featuredmedia":[{"embeddable":true,"href":"https:\/\/zjarr.tv\/sq\/wp-json\/wp\/v2\/media\/115193"}],"wp:attachment":[{"href":"https:\/\/zjarr.tv\/sq\/wp-json\/wp\/v2\/media?parent=122558"}],"wp:term":[{"taxonomy":"category","embeddable":true,"href":"https:\/\/zjarr.tv\/sq\/wp-json\/wp\/v2\/categories?post=122558"},{"taxonomy":"post_tag","embeddable":true,"href":"https:\/\/zjarr.tv\/sq\/wp-json\/wp\/v2\/tags?post=122558"}],"curies":[{"name":"wp","href":"https:\/\/api.w.org\/{rel}","templated":true}]}}