{"id":122560,"date":"2020-02-23T13:14:58","date_gmt":"2020-02-23T12:14:58","guid":{"rendered":"https:\/\/zjarr.tv\/?p=122560"},"modified":"2020-02-23T13:14:58","modified_gmt":"2020-02-23T12:14:58","slug":"izolimi-nga-koronavirusi-481-emigrante-shqiptare-ne-zonen-e-kuqe-te-epidemise-ne-itali","status":"publish","type":"post","link":"https:\/\/zjarr.tv\/sq\/izolimi-nga-koronavirusi-481-emigrante-shqiptare-ne-zonen-e-kuqe-te-epidemise-ne-itali\/","title":{"rendered":"Izolimi nga koronavirusi, 481 emigrant\u00eb shqiptar\u00eb n\u00eb zon\u00ebn e kuqe t\u00eb epidemis\u00eb n\u00eb Itali"},"content":{"rendered":"<p>Jan\u00eb t\u00eb pakt\u00ebn 481 emigrant\u00eb shqiptar\u00eb t\u00eb izoluar brenda kufijve t\u00eb territorit t\u00eb p\u00ebrhapjes s\u00eb koronavirus n\u00eb Itali.<\/p>\n<p>N\u00eb draftligjin e miratuar gjat\u00eb nat\u00ebs s\u00eb shkuar n\u00eb mbledhjen e jasht\u00ebzakonshme t\u00eb qeveris\u00eb Conte aktivizohen masa speciale q\u00eb ndalojn\u00eb hyrjen daljen e personave n\u00eb 11 komunat ku gj\u00ebnden dhe folet\u00eb e p\u00ebrhapjes s\u00eb virusit n\u00eb Itali.<\/p>\n<p>Nj\u00eb nga folet\u00eb e p\u00ebrhapjes s\u00eb koronavirus n\u00eb rajonin e Venentos \u00ebsht\u00eb komuna Vo Euganeo ku p\u00ebr momentin jan\u00eb verifikuar 12 persona t\u00eb infektuar e ku jetojn\u00eb 16 shqiptar\u00eb.<\/p>\n<p>Bilanci i fundit i t\u00eb infektuarve n\u00eb Itali, i cili p\u00ebrdit\u00ebsohet \u00e7do \u00e7ast \u00ebsht\u00eb mbi 115 persona,<\/p>\n<p>90 n\u00eb rajonin e Lombadis\u00eb e 25 n\u00eb Veneto , dy prej t\u00eb cil\u00ebve n\u00eb Venezia.<\/p>\n<p>-N\u00eb Codogno jetojn\u00eb 167 shqiptar\u00eb q\u00eb p\u00ebrb\u00ebj\u00ebn 8,3% t\u00eb popullsis\u00eb s\u00eb huaj n\u00eb k\u00ebt\u00eb komun\u00eb.<\/p>\n<p>-N\u00eb Casalepusterlengo jetojn\u00eb 198 shqiptar\u00eb e q\u00eb p\u00ebrb\u00ebjn\u00eb 8.1 % t\u00eb popullsis\u00eb s\u00eb huaj n\u00eb k\u00ebt\u00eb territor.<\/p>\n<p>-N\u00eb komun\u00ebn Castglione D&#8217;Adda jetojn\u00eb 27 shqiptar\u00eb e q\u00eb p\u00ebrb\u00ebjn\u00eb 7.9% t\u00eb popullsis\u00eb s\u00eb huaj banor\u00eb n\u00eb k\u00ebt\u00eb komun\u00eb.<\/p>\n<p>-N\u00eb Fombio jetojn\u00eb 9 shqiptar\u00eb e q\u00eb p\u00ebrb\u00ebjn\u00eb 6.!% t\u00eb popullis\u00ebs s\u00eb huaj n\u00eb k\u00ebt\u00eb qytez\u00eb.<\/p>\n<p>-N\u00eb Maelo jetojn\u00eb 13 shqiptar\u00eb e q\u00eb p\u00ebrb\u00ebjn\u00eb 4.8% t\u00eb popullsis\u00eb s\u00eb huaj q\u00eb banojn\u00eb n\u00eb k\u00ebt\u00eb qytez\u00eb.<\/p>\n<p>-N\u00eb Somaglia jetojn\u00eb 33 shqiptar\u00eb e q\u00eb p\u00ebrb\u00ebjn\u00eb 6.5% t\u00eb popullsis\u00eb s\u00eb huaj n\u00eb k\u00ebt\u00eb komun\u00eb.<\/p>\n<p>-N\u00eb Bertonico jetojn\u00eb 17 shqiptar\u00eb e q\u00eb p\u00ebrb\u00ebjn\u00eb 10.9% t\u00eb popullsis\u00eb s\u00eb huaj banor\u00eb n\u00eb k\u00ebt\u00eb qytez\u00eb.<\/p>\n<p>-N\u00eb komun\u00ebn Terranova dei Passerini nuk jeton asnj\u00eb emigrant shqiptar.<\/p>\n<p>-N\u00eb Castelgerundo jeton vet\u00ebm 1 emigrant shqiptar\u00eb e q\u00eb p\u00ebrb\u00ebn 0.7% t\u00eb popullsis\u00eb s\u00eb huaj q\u00eb jeton n\u00eb k\u00ebt\u00eb territor.<\/p>\n<p>-N\u00eb komun\u00ebn San Fiorano nuk jeton asnj\u00eb emigrant shqiptar\u00eb.<\/p>\n<p>-N\u00eb komun\u00ebn Vo Euganeo jetojn\u00eb 16 shqiptar\u00eb e q\u00eb p\u00ebrb\u00ebjn\u00eb 10.6% t\u00eb popullis\u00eb s\u00eb huaj n\u00eb k\u00ebt\u00eb komun\u00eb.<\/p>\n","protected":false},"excerpt":{"rendered":"<p>Jan\u00eb t\u00eb pakt\u00ebn 481 emigrant\u00eb shqiptar\u00eb t\u00eb izoluar brenda kufijve t\u00eb territorit t\u00eb p\u00ebrhapjes s\u00eb koronavirus n\u00eb Itali. N\u00eb draftligjin e miratuar gjat\u00eb nat\u00ebs s\u00eb shkuar n\u00eb mbledhjen e jasht\u00ebzakonshme t\u00eb qeveris\u00eb Conte aktivizohen masa speciale q\u00eb ndalojn\u00eb hyrjen daljen e personave n\u00eb 11 komunat ku gj\u00ebnden dhe folet\u00eb e p\u00ebrhapjes s\u00eb virusit n\u00eb Itali. [&hellip;]<\/p>\n","protected":false},"author":2013,"featured_media":122562,"comment_status":"open","ping_status":"closed","sticky":false,"template":"","format":"standard","meta":{"footnotes":""},"categories":[241,235],"tags":[],"class_list":{"0":"post-122560","1":"post","2":"type-post","3":"status-publish","4":"format-standard","5":"has-post-thumbnail","7":"category-aktualitet","8":"category-vendi"},"_links":{"self":[{"href":"https:\/\/zjarr.tv\/sq\/wp-json\/wp\/v2\/posts\/122560","targetHints":{"allow":["GET"]}}],"collection":[{"href":"https:\/\/zjarr.tv\/sq\/wp-json\/wp\/v2\/posts"}],"about":[{"href":"https:\/\/zjarr.tv\/sq\/wp-json\/wp\/v2\/types\/post"}],"author":[{"embeddable":true,"href":"https:\/\/zjarr.tv\/sq\/wp-json\/wp\/v2\/users\/2013"}],"replies":[{"embeddable":true,"href":"https:\/\/zjarr.tv\/sq\/wp-json\/wp\/v2\/comments?post=122560"}],"version-history":[{"count":0,"href":"https:\/\/zjarr.tv\/sq\/wp-json\/wp\/v2\/posts\/122560\/revisions"}],"wp:featuredmedia":[{"embeddable":true,"href":"https:\/\/zjarr.tv\/sq\/wp-json\/wp\/v2\/media\/122562"}],"wp:attachment":[{"href":"https:\/\/zjarr.tv\/sq\/wp-json\/wp\/v2\/media?parent=122560"}],"wp:term":[{"taxonomy":"category","embeddable":true,"href":"https:\/\/zjarr.tv\/sq\/wp-json\/wp\/v2\/categories?post=122560"},{"taxonomy":"post_tag","embeddable":true,"href":"https:\/\/zjarr.tv\/sq\/wp-json\/wp\/v2\/tags?post=122560"}],"curies":[{"name":"wp","href":"https:\/\/api.w.org\/{rel}","templated":true}]}}