{"id":122564,"date":"2020-02-23T13:16:42","date_gmt":"2020-02-23T12:16:42","guid":{"rendered":"https:\/\/zjarr.tv\/?p=122564"},"modified":"2020-02-23T13:16:42","modified_gmt":"2020-02-23T12:16:42","slug":"raporterja-e-be-po-monitorojme-anti-kck-ne-do-nderhyjme-nese-shkel-te-drejtat","status":"publish","type":"post","link":"https:\/\/zjarr.tv\/sq\/raporterja-e-be-po-monitorojme-anti-kck-ne-do-nderhyjme-nese-shkel-te-drejtat\/","title":{"rendered":"Raporterja e BE: Po monitorojm\u00eb Anti-K\u00c7K-n\u00eb. Do nd\u00ebrhyjm\u00eb n\u00ebse shkel t\u00eb drejtat"},"content":{"rendered":"<p>Bashkimi Europian me t\u00eb gjith\u00eb strukturat e tij do ta monitoroj\u00eb zbatimin e paket\u00ebs anti-K\u00c7K n\u00eb Shqip\u00ebri. N\u00ebse konstatohet se ligjet shkelin t\u00eb drejtat e njeriut, qeveris\u00eb do t\u2019i k\u00ebrkohet ndryshimi i tyre.<\/p>\n<p>K\u00ebt\u00eb e konfirmon p\u00ebr A2, Isabel Santos, raportuesja p\u00ebr Shqip\u00ebrin\u00eb n\u00eb Parlametin Europian: \u201cSigurisht q\u00eb qeveria dhe Parlamenti kan\u00eb mb\u00ebshtetjen e BE-s\u00eb dhe SHBA-s\u00eb\u00a0p\u00ebr ligjet dhe aktet legjislative. Ne do ta ndjekim zbatimin e ligjit. N\u00ebse n\u00eb ndonj\u00eb moment do t\u00eb v\u00ebrejm\u00eb se t\u00eb drejtat e njeriut nuk po respektohen, BE dhe besoj dhe SHBA do t\u2019i k\u00ebrkojn\u00eb vendit tuaj t\u00eb rimendojn\u00eb dhe ndryshojn\u00eb ligjin. P\u00ebr tani, na duhet t\u00eb ndjekim zbatimin e t\u00eb shohim n\u00ebse \u00ebsht\u00eb n\u00eb p\u00ebrputhje t\u00eb plot\u00eb me sundimin e ligjit dhe t\u00eb drejtat e njeriut. Jan\u00eb vlera bazike n\u00eb Bashkimin Europian q\u00eb nuk mund t\u00eb shkelen. Jemi shum\u00eb strikt\u00eb p\u00ebr k\u00ebt\u00eb\u201d.<\/p>\n<p>N\u00eb intervist\u00ebn p\u00ebr A2, Santos pohon se u habit nga situata politike n\u00eb Shqip\u00ebri n\u00eb k\u00ebt\u00eb moment ky\u00e7 p\u00ebr negociatat dhe pas gjith\u00eb besimit q\u00eb iu tregua vendit n\u00eb Konferenc\u00ebn e Donator\u00ebve.<\/p>\n<p>Por, n\u00eb pritje t\u00eb 2 marsit t\u00eb Presidentit,\u00a0a mund t\u00eb ndikoj\u00eb p\u00ebrplasja mes tij dhe mazhoranc\u00ebs n\u00eb vler\u00ebsimin p\u00ebr hapjen e negociatave?<\/p>\n<p>\u201cShpresoj q\u00eb jo, sinqerisht shpresoj q\u00eb jo. Por, n\u00eb k\u00ebt\u00eb moment nuk mund t\u00eb parashikoj efektin q\u00eb mund t\u00eb ket\u00eb kjo p\u00ebrplasje. Nuk e di n\u00ebse pal\u00ebt do t\u00eb mund ta riform\u00ebsojn\u00eb k\u00ebt\u00eb p\u00ebrballje n\u00eb t\u00eb cil\u00ebn jan\u00eb p\u00ebrfshir\u00eb, cili do t\u00eb jet\u00eb reagimi n\u00eb dit\u00ebt e ardhshme dhe cili do t\u00eb jet\u00eb rezultati final n\u00eb 2 mars. Shpresoj q\u00eb jo, q\u00eb p\u00ebrplasja t\u00eb mos ket\u00eb efekt negativ, por nuk e parashikoj dot tani efektin e vertet\u00eb t\u00eb saj\u201d, u p\u00ebrgjigj Santos.<\/p>\n<p>Portugezja q\u00eb z\u00ebvend\u00ebsoi Knut Fleckestain si raportuese n\u00eb Parlamentin Europian thekson gjithashtu r\u00ebnd\u00ebsin\u00eb e mbylljes deri n\u00eb 15 mars t\u00eb Reform\u00ebs Zgjedhore dhe shtrirjes s\u00eb ndryshimeve dhe n\u00eb ligje t\u00eb tjera. P\u00ebr ta kthyer sistemin politik n\u00eb Shqip\u00ebri m\u00eb pran\u00eb standardeve europiane.<\/p>\n","protected":false},"excerpt":{"rendered":"<p>Bashkimi Europian me t\u00eb gjith\u00eb strukturat e tij do ta monitoroj\u00eb zbatimin e paket\u00ebs anti-K\u00c7K n\u00eb Shqip\u00ebri. N\u00ebse konstatohet se ligjet shkelin t\u00eb drejtat e njeriut, qeveris\u00eb do t\u2019i k\u00ebrkohet ndryshimi i tyre. K\u00ebt\u00eb e konfirmon p\u00ebr A2, Isabel Santos, raportuesja p\u00ebr Shqip\u00ebrin\u00eb n\u00eb Parlametin Europian: \u201cSigurisht q\u00eb qeveria dhe Parlamenti kan\u00eb mb\u00ebshtetjen e BE-s\u00eb [&hellip;]<\/p>\n","protected":false},"author":2013,"featured_media":122565,"comment_status":"open","ping_status":"closed","sticky":false,"template":"","format":"standard","meta":{"footnotes":""},"categories":[241,235],"tags":[],"class_list":{"0":"post-122564","1":"post","2":"type-post","3":"status-publish","4":"format-standard","5":"has-post-thumbnail","7":"category-aktualitet","8":"category-vendi"},"_links":{"self":[{"href":"https:\/\/zjarr.tv\/sq\/wp-json\/wp\/v2\/posts\/122564","targetHints":{"allow":["GET"]}}],"collection":[{"href":"https:\/\/zjarr.tv\/sq\/wp-json\/wp\/v2\/posts"}],"about":[{"href":"https:\/\/zjarr.tv\/sq\/wp-json\/wp\/v2\/types\/post"}],"author":[{"embeddable":true,"href":"https:\/\/zjarr.tv\/sq\/wp-json\/wp\/v2\/users\/2013"}],"replies":[{"embeddable":true,"href":"https:\/\/zjarr.tv\/sq\/wp-json\/wp\/v2\/comments?post=122564"}],"version-history":[{"count":0,"href":"https:\/\/zjarr.tv\/sq\/wp-json\/wp\/v2\/posts\/122564\/revisions"}],"wp:featuredmedia":[{"embeddable":true,"href":"https:\/\/zjarr.tv\/sq\/wp-json\/wp\/v2\/media\/122565"}],"wp:attachment":[{"href":"https:\/\/zjarr.tv\/sq\/wp-json\/wp\/v2\/media?parent=122564"}],"wp:term":[{"taxonomy":"category","embeddable":true,"href":"https:\/\/zjarr.tv\/sq\/wp-json\/wp\/v2\/categories?post=122564"},{"taxonomy":"post_tag","embeddable":true,"href":"https:\/\/zjarr.tv\/sq\/wp-json\/wp\/v2\/tags?post=122564"}],"curies":[{"name":"wp","href":"https:\/\/api.w.org\/{rel}","templated":true}]}}