{"id":122571,"date":"2020-02-23T14:12:27","date_gmt":"2020-02-23T13:12:27","guid":{"rendered":"https:\/\/zjarr.tv\/?p=122571"},"modified":"2020-02-23T14:12:27","modified_gmt":"2020-02-23T13:12:27","slug":"ps-3-dite-kongres-zgjedhor-nga-28-shkurti-me-1-mars","status":"publish","type":"post","link":"https:\/\/zjarr.tv\/sq\/ps-3-dite-kongres-zgjedhor-nga-28-shkurti-me-1-mars\/","title":{"rendered":"PS, 3 dit\u00eb Kongres Zgjedhor nga 28 shkurti m\u00eb 1 mars"},"content":{"rendered":"<p><em>Socialist\u00ebt do t\u00eb diskutojn\u00eb n\u00eb Pallatin e \u00a0Kongreseve, tre dit\u00eb p\u00ebr zgjedhjen e strukturave t\u00eb reja. Barazia gjinore, analiza e qeveris\u00eb dhe t\u00eb rinjt\u00eb do t\u00eb jen\u00eb sesionet n\u00eb t\u00eb cilat do t\u00eb ndahen punimet e Kongresit Zgjedhor. Nj\u00eb dit\u00eb m\u00eb pas do t\u00eb jet\u00eb Presidenti i Republik\u00ebs Ilir Meta q\u00eb bashk\u00eb me qytetar\u00ebt p\u00ebrball\u00eb Kryeministris\u00eb do t\u00eb paraljm\u00ebrojn\u00eb Edi Ram\u00ebn p\u00ebr shpartallimin e grushtit t\u00eb shtetit.<\/em><\/p>\n<p>Partia Socialiste do t\u00eb mbaj\u00eb 3 dit\u00eb Kongresin Zgjedhor n\u00eb Pallatin e Kongresit ku do t\u00eb zgjidhen edhe an\u00ebtar\u00ebt e rinj t\u00eb Asambles\u00eb Komb\u00ebtare.<\/p>\n<p>Punimet do t\u00eb ndahen n\u00eb tre sesione, n\u00eb dit\u00ebn e par\u00eb do t\u00eb ket\u00eb diskutime p\u00ebr barazin\u00eb gjinore me fokus promovimin e gruas, me 29 Shkurt do t\u00eb p\u00ebrq\u00ebndrohet n\u00eb arritjet dhe sfidat e qeveris\u00eb, nd\u00ebrsa n\u00eb 1 Mars kryefjala e Kongresit do t\u00eb jen\u00eb t\u00eb rinjt\u00eb.<\/p>\n<p>M\u00eb her\u00ebt socialist\u00ebt kan\u00eb mbajtur edhe zgjedhjet p\u00ebr kryetar\u00ebt e PS n\u00eb deg\u00eb, t\u00eb cil\u00ebt n\u00eb disa qytete ka hasur n\u00eb probleme.<\/p>\n<p>Vora dhe Shkodra jan\u00eb ende pa kryetar\u00eb partie, nd\u00ebrkoh\u00eb situata n\u00eb kryeqendr\u00ebn e veriut \u00ebsht\u00eb ende n\u00eb nj\u00eb situat\u00eb m\u00eb t\u00eb keqe p\u00ebr shkak se mungon edhe drejtuesi politik pas t\u00ebrheqjes s\u00eb Valdrin Pjetrit.<\/p>\n<p>Nd\u00ebrsa stukturat e Vor\u00ebs ende nuk kan\u00eb r\u00ebn\u00eb ende dakord p\u00ebr emrin q\u00eb do t\u00eb drejtoj\u00eb socialist\u00ebt n\u00eb k\u00ebt\u00eb bashki.<\/p>\n<p>Nga Kongresi Zgjedhor do t\u00eb dal\u00eb Asambleja e re Komb\u00ebtare, dhe m\u00eb pas do t\u00eb jet\u00eb kjo struktur\u00eb q\u00eb do t\u00eb zgjedh\u00eb edhe kryesin\u00eb e PS.<\/p>\n<p>Pas ristrukturimit brenda saj socialist\u00ebt do t\u00eb ken\u00eb gati ekipin me t\u00eb cilin do t\u00eb shkoj\u00eb n\u00eb zgjedhjet parlamentare.<\/p>\n<p>Pas Kongresit, kryesocialisti Edi Rama do t\u00eb mendoj\u00eb edhe p\u00ebr bashkit\u00eb t\u00eb cilat kan\u00eb mbetur pa drejtues t\u00eb socialist\u00ebve.<\/p>\n<p>Nuk dihet ende se cili do jet\u00eb veprimin i Kryeministrit pasi p\u00ebr t\u00eb patur zgjedhje n\u00eb Shkod\u00ebr dhe Vor\u00eb duhet nj\u00eb dekret i Presidentit Meta, i cili nuk i njeh t\u00eb zgjedhurit e 30 Qershorit.<\/p>\n<p>Nd\u00ebrkoh\u00eb nga ana tjet\u00ebr Kreu i Shtetit ndodhet n\u00eb nj\u00eb procedur\u00eb hetimore parlamentare p\u00ebr shkak t\u00eb dekreteve p\u00ebr zgjedhjet lokale dhe p\u00ebr Kushtetuesen.<\/p>\n<p>Konflikti institucional mes mazhoranc\u00ebs dhe Presidentit pritet t\u00eb marr\u00eb zgjidhje me 20 mars me opinionin p\u00ebrfundimtar t\u00eb Komisionit t\u00eb Venecias.<\/p>\n<p>Por n\u00eb p\u00ebrgjigje t\u00eb qeveris\u00eb, nj\u00eb dit\u00eb pas p\u00ebrfundimit t\u00eb Kongresit, Kreu i Shtetit do t\u00eb mbledh\u00eb qyt\u00ebtar\u00ebt n\u00eb bulevardin \u201cD\u00ebshmor\u00ebt e Kombit\u201d kund\u00ebrs grushtit t\u00eb shtetit, si\u00e7 e ka quajtur vet\u00eb Presidenti.<\/p>\n","protected":false},"excerpt":{"rendered":"<p>Socialist\u00ebt do t\u00eb diskutojn\u00eb n\u00eb Pallatin e \u00a0Kongreseve, tre dit\u00eb p\u00ebr zgjedhjen e strukturave t\u00eb reja. Barazia gjinore, analiza e qeveris\u00eb dhe t\u00eb rinjt\u00eb do t\u00eb jen\u00eb sesionet n\u00eb t\u00eb cilat do t\u00eb ndahen punimet e Kongresit Zgjedhor. Nj\u00eb dit\u00eb m\u00eb pas do t\u00eb jet\u00eb Presidenti i Republik\u00ebs Ilir Meta q\u00eb bashk\u00eb me qytetar\u00ebt p\u00ebrball\u00eb [&hellip;]<\/p>\n","protected":false},"author":2013,"featured_media":122572,"comment_status":"open","ping_status":"closed","sticky":false,"template":"","format":"standard","meta":{"footnotes":""},"categories":[241,235],"tags":[],"class_list":{"0":"post-122571","1":"post","2":"type-post","3":"status-publish","4":"format-standard","5":"has-post-thumbnail","7":"category-aktualitet","8":"category-vendi"},"_links":{"self":[{"href":"https:\/\/zjarr.tv\/sq\/wp-json\/wp\/v2\/posts\/122571","targetHints":{"allow":["GET"]}}],"collection":[{"href":"https:\/\/zjarr.tv\/sq\/wp-json\/wp\/v2\/posts"}],"about":[{"href":"https:\/\/zjarr.tv\/sq\/wp-json\/wp\/v2\/types\/post"}],"author":[{"embeddable":true,"href":"https:\/\/zjarr.tv\/sq\/wp-json\/wp\/v2\/users\/2013"}],"replies":[{"embeddable":true,"href":"https:\/\/zjarr.tv\/sq\/wp-json\/wp\/v2\/comments?post=122571"}],"version-history":[{"count":0,"href":"https:\/\/zjarr.tv\/sq\/wp-json\/wp\/v2\/posts\/122571\/revisions"}],"wp:featuredmedia":[{"embeddable":true,"href":"https:\/\/zjarr.tv\/sq\/wp-json\/wp\/v2\/media\/122572"}],"wp:attachment":[{"href":"https:\/\/zjarr.tv\/sq\/wp-json\/wp\/v2\/media?parent=122571"}],"wp:term":[{"taxonomy":"category","embeddable":true,"href":"https:\/\/zjarr.tv\/sq\/wp-json\/wp\/v2\/categories?post=122571"},{"taxonomy":"post_tag","embeddable":true,"href":"https:\/\/zjarr.tv\/sq\/wp-json\/wp\/v2\/tags?post=122571"}],"curies":[{"name":"wp","href":"https:\/\/api.w.org\/{rel}","templated":true}]}}