{"id":122586,"date":"2020-02-23T16:13:23","date_gmt":"2020-02-23T15:13:23","guid":{"rendered":"https:\/\/zjarr.tv\/?p=122586"},"modified":"2020-02-23T16:13:23","modified_gmt":"2020-02-23T15:13:23","slug":"koronavirusi-ne-itali-ambasada-shqiptare-thirrje-per-shqiptaret-atje-dhe-udhetaret","status":"publish","type":"post","link":"https:\/\/zjarr.tv\/sq\/koronavirusi-ne-itali-ambasada-shqiptare-thirrje-per-shqiptaret-atje-dhe-udhetaret\/","title":{"rendered":"Koronavirusi n\u00eb Itali, ambasada shqiptare thirrje p\u00ebr shqiptar\u00ebt atje dhe udh\u00ebtar\u00ebt"},"content":{"rendered":"<p>Ambasada shqiptare n\u00eb Itali b\u00ebri nj\u00eb reagim zyrtar n\u00eb lidhje me shp\u00ebrthimin e Coronavirusit. S\u00eb pari ambasada thot\u00eb se deri m\u00eb tani nuk ka asnj\u00eb shqiptar t\u00eb konfirmuar si i prekur nga Coronavirusi. Megjithat\u00eb, ambasada u b\u00ebn thirrje shqiptar\u00ebve p\u00ebr m\u00eb shum\u00eb kujdes, duke respektuar masat e mbrojtjes nga ky virus.<\/p>\n<p><strong>Njoftimi i Ambasad\u00ebs:<\/strong>\u00a0<em>Ambasada e \u00a0Republik\u00ebs s\u00eb Shqip\u00ebris\u00eb n\u00eb Itali, dhe Konsullatat \u00a0e \u00a0P\u00ebrgjith\u00ebshme n\u00eb Milano dhe n\u00eb Bari po ndjekin me v\u00ebmendje situat\u00ebn e emergjenc\u00ebs s\u00eb krijuar nga p\u00ebrhapja e koronavirusit Covid19 n\u00eb disa rajone t\u00eb Italis\u00eb. Deri tani nuk kemi informacion p\u00ebr qytetar\u00eb shqiptar\u00eb t\u00eb prekur. Informacioni mbi identitetin e t\u00eb prekurve mbetet \u00a0i rezervuar n\u00eb baz\u00eb t\u00eb normativ\u00ebs europiane p\u00ebr mbrojtjen e t\u00eb dh\u00ebnave personale.\u00a0<\/em><\/p>\n<p><em>Ambasada \u00ebsht\u00eb n\u00eb kontakt t\u00eb vazhduesh\u00ebm me Ministrin\u00eb ton\u00eb t\u00eb Sh\u00ebndet\u00ebsis\u00eb \u00a0dhe me Ministrin\u00eb e Sh\u00ebndet\u00ebsis\u00eb t\u00eb Italis\u00eb si dhe me Departamentin e \u00a0Emergjencave Civile t\u00eb K\u00ebshillit t\u00eb Ministrave t\u00eb Italis\u00eb p\u00ebr masat e p\u00ebrbashk\u00ebta p\u00ebr parandalimin e perhapjes s\u00eb virusit n\u00eb territorin shqiptar.<\/em><\/p>\n<p><em>U b\u00ebjm\u00eb thirrje qytetar\u00ebve \u00a0shqiptar\u00eb n\u00eb Itali dhe atyre q\u00eb udh\u00ebtojn\u00eb p\u00ebr dhe n\u00ebp\u00ebr Itali t\u00eb respektojn\u00eb masat e urdh\u00ebruara nga autoritetet italiane n\u00eb situat\u00ebn e emergjences.<\/em><\/p>\n<p><em>Ambasada n\u00eb Rom\u00eb dhe Konsullatat e P\u00ebrgjithshme n\u00eb Milano dhe Bari vazhdojn\u00eb normalisht pun\u00ebn n\u00eb sh\u00ebrbim t\u00eb qytetar\u00ebve. Informime t\u00eb m\u00ebtejshme do t\u00eb vijojn\u00eb n\u00eb vart\u00ebsi t\u00eb zhvillimit t\u00eb situat\u00ebs. Konsullata e P\u00ebrgjithshme e Republik\u00ebs s\u00eb Shqip\u00ebris\u00eb n\u00eb Milano. Konsullata e P\u00ebrgjithshme e Republik\u00ebs s\u00eb Shqip\u00ebris\u00eb n\u00eb Bari.<\/em><\/p>\n","protected":false},"excerpt":{"rendered":"<p>Ambasada shqiptare n\u00eb Itali b\u00ebri nj\u00eb reagim zyrtar n\u00eb lidhje me shp\u00ebrthimin e Coronavirusit. S\u00eb pari ambasada thot\u00eb se deri m\u00eb tani nuk ka asnj\u00eb shqiptar t\u00eb konfirmuar si i prekur nga Coronavirusi. Megjithat\u00eb, ambasada u b\u00ebn thirrje shqiptar\u00ebve p\u00ebr m\u00eb shum\u00eb kujdes, duke respektuar masat e mbrojtjes nga ky virus. Njoftimi i Ambasad\u00ebs:\u00a0Ambasada e [&hellip;]<\/p>\n","protected":false},"author":2013,"featured_media":122587,"comment_status":"open","ping_status":"closed","sticky":false,"template":"","format":"standard","meta":{"footnotes":""},"categories":[241,235],"tags":[],"class_list":{"0":"post-122586","1":"post","2":"type-post","3":"status-publish","4":"format-standard","5":"has-post-thumbnail","7":"category-aktualitet","8":"category-vendi"},"_links":{"self":[{"href":"https:\/\/zjarr.tv\/sq\/wp-json\/wp\/v2\/posts\/122586","targetHints":{"allow":["GET"]}}],"collection":[{"href":"https:\/\/zjarr.tv\/sq\/wp-json\/wp\/v2\/posts"}],"about":[{"href":"https:\/\/zjarr.tv\/sq\/wp-json\/wp\/v2\/types\/post"}],"author":[{"embeddable":true,"href":"https:\/\/zjarr.tv\/sq\/wp-json\/wp\/v2\/users\/2013"}],"replies":[{"embeddable":true,"href":"https:\/\/zjarr.tv\/sq\/wp-json\/wp\/v2\/comments?post=122586"}],"version-history":[{"count":0,"href":"https:\/\/zjarr.tv\/sq\/wp-json\/wp\/v2\/posts\/122586\/revisions"}],"wp:featuredmedia":[{"embeddable":true,"href":"https:\/\/zjarr.tv\/sq\/wp-json\/wp\/v2\/media\/122587"}],"wp:attachment":[{"href":"https:\/\/zjarr.tv\/sq\/wp-json\/wp\/v2\/media?parent=122586"}],"wp:term":[{"taxonomy":"category","embeddable":true,"href":"https:\/\/zjarr.tv\/sq\/wp-json\/wp\/v2\/categories?post=122586"},{"taxonomy":"post_tag","embeddable":true,"href":"https:\/\/zjarr.tv\/sq\/wp-json\/wp\/v2\/tags?post=122586"}],"curies":[{"name":"wp","href":"https:\/\/api.w.org\/{rel}","templated":true}]}}