{"id":122596,"date":"2020-02-24T11:29:06","date_gmt":"2020-02-24T10:29:06","guid":{"rendered":"https:\/\/zjarr.tv\/?p=122596"},"modified":"2020-02-24T11:29:06","modified_gmt":"2020-02-24T10:29:06","slug":"perkeqesohet-shendeti-i-grevisteve-te-pocemit","status":"publish","type":"post","link":"https:\/\/zjarr.tv\/sq\/perkeqesohet-shendeti-i-grevisteve-te-pocemit\/","title":{"rendered":"P\u00ebrkeq\u00ebsohet sh\u00ebndeti i grevist\u00ebve t\u00eb Po\u00e7emit"},"content":{"rendered":"<p>Punonj\u00ebsit e n\u00ebnstacionit t\u00eb uj\u00ebsjell\u00ebsit t\u00eb Po\u00e7emit n\u00eb Mallakast\u00ebr jan\u00eb futur n\u00eb dit\u00ebn e 12 t\u00eb grev\u00ebs s\u00eb uris\u00eb. Gjendja e tyre sh\u00ebndet\u00ebsore \u00ebsht\u00eb p\u00ebrkeq\u00ebsuar, teksa nj\u00eb nga grevist\u00ebt \u00ebsht\u00eb larguar p\u00ebr shkak t\u00eb p\u00ebrkeq\u00ebsimit t\u00eb gjendjes sh\u00ebndet\u00ebsore. Nj\u00eb nga grevist\u00ebt foli p\u00ebr Ora Ne\u00ebs, duke treguar se ndon\u00ebse u \u00ebsht\u00eb premtuar se sot do t\u00eb kalojn\u00eb nj\u00eb pjes\u00eb e pagave t\u00eb prapambetura, ata nuk do t\u00eb largohen nga greva e uris\u00eb derisa t\u00eb kalojn\u00eb t\u00eb gjitha pagat.<\/p>\n<p><strong>Grevisti:<\/strong>\u00a0<em>Patjet\u00ebr q\u00eb do ta vazhdojm\u00eb, deri n\u00eb fund. S`ka rrug\u00ebzgjidhje tjet\u00ebr. Sot \u00ebsht\u00eb dita e 12, gjendja sa vjen e p\u00ebrkeq\u00ebsohet. Nj\u00eb nga koleg\u00ebt \u00ebsht\u00eb shum\u00eb r\u00ebnd\u00eb dhe do niset p\u00ebr n\u00eb spital. Derisa t\u00eb marrim t\u00eb gjitha paga q\u00eb na takojn\u00eb nuk l\u00ebvizim q\u00eb k\u00ebtu. Fjal\u00ebt jan\u00eb se do kalojn\u00eb sot, por ne duam t\u00eb gjitha pagat. Nuk ikim pa ka kaluar t\u00eb gjitha pagat. Prandaj jemi k\u00ebtu.<\/em><\/p>\n<p>Nd\u00ebrkoh\u00eb, grevisti q\u00eb \u00ebsht\u00eb larguar p\u00ebr shkak t\u00eb problemeve sh\u00ebndet\u00ebsore, tregon se problemi i tyre nuk \u00ebsht\u00eb me kompanin\u00eb private por me shtetin. Ai tregon se n\u00eb momentin q\u00eb kompania mbylli pun\u00ebn n\u00eb rafineri, ata kan\u00eb vijuar pun\u00ebn duke siguruar uj\u00eb dhe energji elektrike p\u00ebr qytetar\u00ebt e Mallakastr\u00ebs. P\u00ebr k\u00ebt\u00eb arsye grevisti ngarkon me p\u00ebrgjegj\u00ebsi shtetin p\u00ebr situat\u00ebn e krijuar.<\/p>\n<p><strong>Grevisti:<\/strong>\u00a0<em>Un\u00eb pad\u00ebshir\u00ebn time kam dal\u00eb nga greva e uris\u00eb. P\u00ebr arsye sh\u00ebndet\u00ebsore m\u00eb kan\u00eb larguar mjek\u00ebt. Jam krah koleg\u00ebve k\u00ebtu. Nuk jam pjes\u00eb e grev\u00ebs s\u00eb uris\u00eb, por jam pjes\u00eb e grevist\u00ebve t\u00eb n\u00ebnstacionit t\u00eb Po\u00e7emit. T\u00eb jem i sinqert\u00eb, ne t\u00eb enjten kemi b\u00ebr\u00eb nj\u00eb takim dhe na \u00ebsht\u00eb premtuar se do kaloj\u00eb di\u00e7ka. Sot na jan\u00eb premtuar 6 paga t\u00eb plota dhe kalimi i n\u00ebnstacionit n\u00eb var\u00ebsi t\u00eb OST dhe bashkis\u00eb. Ne kemi nj\u00eb problem madhor, sepse edhe kur uzina ka ikur n\u00eb sht\u00ebpi, ne kemi furnizuar popullin me uji e drita. Ne e kemi problemin me shtetin, sepse kur firma \u00ebsht\u00eb larguar, ne i kemi sh\u00ebrbyer shtetit sepse kemi furnizuar popullin me uj\u00eb e drita.<\/em><\/p>\n<p>Grevist\u00ebve t\u00eb Po\u00e7emit u \u00ebsht\u00eb premtuar se t\u00eb h\u00ebn\u00ebn do t\u00eb marrin 6 deri n\u00eb 7 paga t\u00eb prapambetura dhe nga 1 marsi do t\u00eb ndryshoj\u00eb pron\u00ebsia e kompanis\u00eb dhe pun\u00ebtor\u00ebt do t\u00eb pun\u00ebsohen n\u00eb shtet. Megjithat\u00eb, grevist\u00ebt nuk do t\u00eb ndalen deri n\u00eb marrjen e t\u00eb gjitha pagave.<\/p>\n","protected":false},"excerpt":{"rendered":"<p>Punonj\u00ebsit e n\u00ebnstacionit t\u00eb uj\u00ebsjell\u00ebsit t\u00eb Po\u00e7emit n\u00eb Mallakast\u00ebr jan\u00eb futur n\u00eb dit\u00ebn e 12 t\u00eb grev\u00ebs s\u00eb uris\u00eb. Gjendja e tyre sh\u00ebndet\u00ebsore \u00ebsht\u00eb p\u00ebrkeq\u00ebsuar, teksa nj\u00eb nga grevist\u00ebt \u00ebsht\u00eb larguar p\u00ebr shkak t\u00eb p\u00ebrkeq\u00ebsimit t\u00eb gjendjes sh\u00ebndet\u00ebsore. Nj\u00eb nga grevist\u00ebt foli p\u00ebr Ora Ne\u00ebs, duke treguar se ndon\u00ebse u \u00ebsht\u00eb premtuar se sot do [&hellip;]<\/p>\n","protected":false},"author":2013,"featured_media":122285,"comment_status":"open","ping_status":"closed","sticky":false,"template":"","format":"standard","meta":{"footnotes":""},"categories":[241,235],"tags":[],"class_list":{"0":"post-122596","1":"post","2":"type-post","3":"status-publish","4":"format-standard","5":"has-post-thumbnail","7":"category-aktualitet","8":"category-vendi"},"_links":{"self":[{"href":"https:\/\/zjarr.tv\/sq\/wp-json\/wp\/v2\/posts\/122596","targetHints":{"allow":["GET"]}}],"collection":[{"href":"https:\/\/zjarr.tv\/sq\/wp-json\/wp\/v2\/posts"}],"about":[{"href":"https:\/\/zjarr.tv\/sq\/wp-json\/wp\/v2\/types\/post"}],"author":[{"embeddable":true,"href":"https:\/\/zjarr.tv\/sq\/wp-json\/wp\/v2\/users\/2013"}],"replies":[{"embeddable":true,"href":"https:\/\/zjarr.tv\/sq\/wp-json\/wp\/v2\/comments?post=122596"}],"version-history":[{"count":0,"href":"https:\/\/zjarr.tv\/sq\/wp-json\/wp\/v2\/posts\/122596\/revisions"}],"wp:featuredmedia":[{"embeddable":true,"href":"https:\/\/zjarr.tv\/sq\/wp-json\/wp\/v2\/media\/122285"}],"wp:attachment":[{"href":"https:\/\/zjarr.tv\/sq\/wp-json\/wp\/v2\/media?parent=122596"}],"wp:term":[{"taxonomy":"category","embeddable":true,"href":"https:\/\/zjarr.tv\/sq\/wp-json\/wp\/v2\/categories?post=122596"},{"taxonomy":"post_tag","embeddable":true,"href":"https:\/\/zjarr.tv\/sq\/wp-json\/wp\/v2\/tags?post=122596"}],"curies":[{"name":"wp","href":"https:\/\/api.w.org\/{rel}","templated":true}]}}