{"id":122602,"date":"2020-02-24T11:31:51","date_gmt":"2020-02-24T10:31:51","guid":{"rendered":"https:\/\/zjarr.tv\/?p=122602"},"modified":"2020-02-24T11:31:51","modified_gmt":"2020-02-24T10:31:51","slug":"audio-fake-per-koronavirusin-prokuroria-po-hetojme-paniku-eshte-veper-penale","status":"publish","type":"post","link":"https:\/\/zjarr.tv\/sq\/audio-fake-per-koronavirusin-prokuroria-po-hetojme-paniku-eshte-veper-penale\/","title":{"rendered":"Audio \u201cfake\u201d p\u00ebr koronavirusin, Prokuroria: Po hetojm\u00eb, \u201cpaniku\u201d \u00ebsht\u00eb vep\u00ebr penale"},"content":{"rendered":"<p>Strukturat ligjzbatuese t\u00eb vendit jan\u00eb v\u00ebn\u00eb n\u00eb l\u00ebvizje p\u00ebr parandalimin e p\u00ebrhapjes s\u00eb panikut p\u00ebr koronavirusin. Me an\u00eb t\u00eb nj\u00eb deklarate p\u00ebr shtyp, Prokuroria e Tiran\u00ebs njoftoi se ka nisur hetimet p\u00ebr p\u00ebrhapjen e mesazheve n\u00ebp\u00ebrmjet telefonit, n\u00eb lidhje me informacione t\u00eb dyshuara si t\u00eb rreme mbi p\u00ebrhapjen e koronavirusit n\u00eb vendin ton\u00eb. Prokuroria thot\u00eb se po heton p\u00ebr vepr\u00ebn penale \u201cP\u00ebrhapja e informatave t\u00eb rreme q\u00eb ngjallin panik\u201d, nd\u00ebrsa u b\u00ebn apel qytetar\u00ebve q\u00eb t\u00eb mos p\u00ebrhapin materialet t\u00eb rreme sepse jan\u00eb penalisht t\u00eb d\u00ebnueshme.<\/p>\n<p><strong>Njoftimi i Prokuroris\u00eb:<\/strong>\u00a0<em>Prokuroria Pran\u00eb Gjykat\u00ebs s\u00eb Shkall\u00ebs s\u00eb Par\u00eb, Tiran\u00eb, duke marr\u00eb shkas nga t\u00eb dh\u00ebnat e ndryshme t\u00eb b\u00ebra publike n\u00eb media si dhe p\u00ebrhapja e mesazheve n\u00ebp\u00ebrmjet telefonit, n\u00eb lidhje me informacione t\u00eb dyshuara si t\u00eb rreme mbi p\u00ebrhapjen e mundshme t\u00eb Coronavirusit, n\u00eb vendin ton\u00eb, filloi kryesisht hetimin p\u00ebr vepr\u00ebn penale t\u00eb \u201cP\u00ebrhapja e informatave t\u00eb rreme q\u00eb ngjallin panik\u201d, parashikuar nga neni 267 i Kodit Penal. Objekti i hetimit lidhet me situat\u00ebn e krijuar si rezultat i hapjes s\u00eb informatave p\u00ebr t\u00eb cilat dyshohen se jan\u00eb t\u00eb rreme, p\u00ebr shkak t\u00eb natyr\u00ebs sensitive q\u00eb paraqet p\u00ebrhapja e k\u00ebtyre informacioneve n\u00eb mas\u00ebn e gjer\u00eb.\u00a0<\/em><\/p>\n<p><em>Duke treguar impenjimin maksimal t\u00eb prokuroris\u00eb, n\u00eb trajtimin e rasteve t\u00eb tilla, sjellim n\u00eb v\u00ebmendjen e qytetar\u00ebve se \u00e7do p\u00ebrhapje e informatave apo njoftimeve t\u00eb rreme, me fjal\u00eb, me shkrim, apo me \u00e7do m\u00ebnyr\u00eb tjet\u00ebr, me q\u00ebllim q\u00eb t\u00eb ngjall\u00eb nj\u00eb gjendje pasigurie dhe paniku tek njer\u00ebzit \u00ebsht\u00eb penalisht e d\u00ebnueshme. Vijojm\u00eb t\u00eb ndjekim me interes t\u00eb shtuar, \u00e7do t\u00eb dh\u00ebn\u00eb n\u00eb raport me rastin konkret, duke k\u00ebrkuar mir\u00ebkuptimin dhe besimin e qytetar\u00ebve. Nga ana tjet\u00ebr, mir\u00ebpresim \u00e7do qytetar p\u00ebr informacionet q\u00eb mundet t\u00eb disponojn\u00eb.<\/em><\/p>\n<p>M\u00eb her\u00ebt gjat\u00eb dit\u00ebs, Drejtori i Kufirit dhe Migracionit Eduart Merkaj njoftoi se p\u00ebr p\u00ebrhapjen e mesazheve t\u00eb rreme kishte nisur hetimi nga policia. Gjat\u00eb dit\u00ebs s\u00eb diel u shp\u00ebrnda nj\u00eb audio n\u00eb rrjetet sociale, ku d\u00ebgjohej z\u00ebri i nj\u00eb vajze q\u00eb njoftonte se n\u00eb Shqip\u00ebri ishin identifikuar disa raste me koronavirus.<\/p>\n","protected":false},"excerpt":{"rendered":"<p>Strukturat ligjzbatuese t\u00eb vendit jan\u00eb v\u00ebn\u00eb n\u00eb l\u00ebvizje p\u00ebr parandalimin e p\u00ebrhapjes s\u00eb panikut p\u00ebr koronavirusin. Me an\u00eb t\u00eb nj\u00eb deklarate p\u00ebr shtyp, Prokuroria e Tiran\u00ebs njoftoi se ka nisur hetimet p\u00ebr p\u00ebrhapjen e mesazheve n\u00ebp\u00ebrmjet telefonit, n\u00eb lidhje me informacione t\u00eb dyshuara si t\u00eb rreme mbi p\u00ebrhapjen e koronavirusit n\u00eb vendin ton\u00eb. Prokuroria thot\u00eb [&hellip;]<\/p>\n","protected":false},"author":2013,"featured_media":122603,"comment_status":"open","ping_status":"closed","sticky":false,"template":"","format":"standard","meta":{"footnotes":""},"categories":[241,235],"tags":[],"class_list":{"0":"post-122602","1":"post","2":"type-post","3":"status-publish","4":"format-standard","5":"has-post-thumbnail","7":"category-aktualitet","8":"category-vendi"},"_links":{"self":[{"href":"https:\/\/zjarr.tv\/sq\/wp-json\/wp\/v2\/posts\/122602","targetHints":{"allow":["GET"]}}],"collection":[{"href":"https:\/\/zjarr.tv\/sq\/wp-json\/wp\/v2\/posts"}],"about":[{"href":"https:\/\/zjarr.tv\/sq\/wp-json\/wp\/v2\/types\/post"}],"author":[{"embeddable":true,"href":"https:\/\/zjarr.tv\/sq\/wp-json\/wp\/v2\/users\/2013"}],"replies":[{"embeddable":true,"href":"https:\/\/zjarr.tv\/sq\/wp-json\/wp\/v2\/comments?post=122602"}],"version-history":[{"count":0,"href":"https:\/\/zjarr.tv\/sq\/wp-json\/wp\/v2\/posts\/122602\/revisions"}],"wp:featuredmedia":[{"embeddable":true,"href":"https:\/\/zjarr.tv\/sq\/wp-json\/wp\/v2\/media\/122603"}],"wp:attachment":[{"href":"https:\/\/zjarr.tv\/sq\/wp-json\/wp\/v2\/media?parent=122602"}],"wp:term":[{"taxonomy":"category","embeddable":true,"href":"https:\/\/zjarr.tv\/sq\/wp-json\/wp\/v2\/categories?post=122602"},{"taxonomy":"post_tag","embeddable":true,"href":"https:\/\/zjarr.tv\/sq\/wp-json\/wp\/v2\/tags?post=122602"}],"curies":[{"name":"wp","href":"https:\/\/api.w.org\/{rel}","templated":true}]}}