{"id":122610,"date":"2020-02-24T14:26:13","date_gmt":"2020-02-24T13:26:13","guid":{"rendered":"https:\/\/zjarr.tv\/?p=122610"},"modified":"2020-02-24T14:26:13","modified_gmt":"2020-02-24T13:26:13","slug":"kerkon-pafajesine-ne-apel-me-12-mars-seanca-per-ish-ministrin-tahiri","status":"publish","type":"post","link":"https:\/\/zjarr.tv\/sq\/kerkon-pafajesine-ne-apel-me-12-mars-seanca-per-ish-ministrin-tahiri\/","title":{"rendered":"K\u00ebrkon pafaj\u00ebsin\u00eb n\u00eb Apel, me 12 mars seanca p\u00ebr ish-ministrin Tahiri"},"content":{"rendered":"<p>Gjykata e Posa\u00e7me e Apelit cakton dat\u00ebn 12 mars, ora 09:30 p\u00ebr zhvillimin e seanc\u00ebs s\u00eb par\u00eb t\u00eb dosjes ndaj Saimir Tahirit.<\/p>\n<p>Ish-ministri k\u00ebrkon pafaj\u00ebsi n\u00eb Apel, nd\u00ebrsa prokuroria k\u00ebkron d\u00ebnimin e tij p\u00ebr &#8220;trafik narkotik\u00ebsh&#8221; dhe &#8220;grup t\u00eb strukturuar&#8221;.<\/p>\n<p><strong>Kolegji penal p\u00ebrb\u00ebhet nga gjyqtar\u00ebt:<\/strong><\/p>\n<p><em>Albana Boksi Kryesuese<\/em><\/p>\n<p><em>Nertina Kosova An\u00ebtare<\/em><\/p>\n<p><em>Nure Dreni An\u00ebtare<\/em><\/p>\n<p>N\u00eb Shkall\u00ebn e Par\u00eb Tahiri u d\u00ebnua me 5 vjet p\u00ebr &#8220;shp\u00ebrdorim t\u00eb detyr\u00ebs&#8221; por nuk u gjet fajtor p\u00ebr akuzat e trafikut t\u00eb drog\u00ebs.<\/p>\n<p>Duke qen\u00eb se m\u00eb par\u00eb kishte pranuar gjykimin e shkurtuar, at\u00ebher\u00eb d\u00ebnimi, sipas vendimit, u konvertua n\u00eb 3 vjet e 4 muaj sh\u00ebrbim prove.<\/p>\n","protected":false},"excerpt":{"rendered":"<p>Gjykata e Posa\u00e7me e Apelit cakton dat\u00ebn 12 mars, ora 09:30 p\u00ebr zhvillimin e seanc\u00ebs s\u00eb par\u00eb t\u00eb dosjes ndaj Saimir Tahirit. Ish-ministri k\u00ebrkon pafaj\u00ebsi n\u00eb Apel, nd\u00ebrsa prokuroria k\u00ebkron d\u00ebnimin e tij p\u00ebr &#8220;trafik narkotik\u00ebsh&#8221; dhe &#8220;grup t\u00eb strukturuar&#8221;. Kolegji penal p\u00ebrb\u00ebhet nga gjyqtar\u00ebt: Albana Boksi Kryesuese Nertina Kosova An\u00ebtare Nure Dreni An\u00ebtare N\u00eb [&hellip;]<\/p>\n","protected":false},"author":2013,"featured_media":97991,"comment_status":"open","ping_status":"closed","sticky":false,"template":"","format":"standard","meta":{"footnotes":""},"categories":[241,235],"tags":[],"class_list":{"0":"post-122610","1":"post","2":"type-post","3":"status-publish","4":"format-standard","5":"has-post-thumbnail","7":"category-aktualitet","8":"category-vendi"},"_links":{"self":[{"href":"https:\/\/zjarr.tv\/sq\/wp-json\/wp\/v2\/posts\/122610","targetHints":{"allow":["GET"]}}],"collection":[{"href":"https:\/\/zjarr.tv\/sq\/wp-json\/wp\/v2\/posts"}],"about":[{"href":"https:\/\/zjarr.tv\/sq\/wp-json\/wp\/v2\/types\/post"}],"author":[{"embeddable":true,"href":"https:\/\/zjarr.tv\/sq\/wp-json\/wp\/v2\/users\/2013"}],"replies":[{"embeddable":true,"href":"https:\/\/zjarr.tv\/sq\/wp-json\/wp\/v2\/comments?post=122610"}],"version-history":[{"count":0,"href":"https:\/\/zjarr.tv\/sq\/wp-json\/wp\/v2\/posts\/122610\/revisions"}],"wp:featuredmedia":[{"embeddable":true,"href":"https:\/\/zjarr.tv\/sq\/wp-json\/wp\/v2\/media\/97991"}],"wp:attachment":[{"href":"https:\/\/zjarr.tv\/sq\/wp-json\/wp\/v2\/media?parent=122610"}],"wp:term":[{"taxonomy":"category","embeddable":true,"href":"https:\/\/zjarr.tv\/sq\/wp-json\/wp\/v2\/categories?post=122610"},{"taxonomy":"post_tag","embeddable":true,"href":"https:\/\/zjarr.tv\/sq\/wp-json\/wp\/v2\/tags?post=122610"}],"curies":[{"name":"wp","href":"https:\/\/api.w.org\/{rel}","templated":true}]}}