{"id":122616,"date":"2020-02-24T14:35:20","date_gmt":"2020-02-24T13:35:20","guid":{"rendered":"https:\/\/zjarr.tv\/?p=122616"},"modified":"2020-02-24T14:35:20","modified_gmt":"2020-02-24T13:35:20","slug":"meta-dorezoi-kallezimin-ne-spak-ndaj-gjonajt-terheq-vemendjen-canta-e-zeze-qe-mbante-keshilltari","status":"publish","type":"post","link":"https:\/\/zjarr.tv\/sq\/meta-dorezoi-kallezimin-ne-spak-ndaj-gjonajt-terheq-vemendjen-canta-e-zeze-qe-mbante-keshilltari\/","title":{"rendered":"Meta dor\u00ebzoi kall\u00ebzimin n\u00eb SPAK ndaj Gjonajt, t\u00ebrheq vemendjen \u2018\u00e7anta e zez\u00eb\u2019 q\u00eb mbante k\u00ebshilltari"},"content":{"rendered":"<p>Presidenti Ilir Meta dor\u00ebzoi sot personalisht n\u00eb SPAK padin\u00eb ndaj ministres s\u00eb Drejt\u00ebsis\u00eb Etilda Gjonaj. Por krahas deklaratave\u00a0 e mesazheve t\u00eb forta t\u00eb kreut t\u00eb shtetit ajo \u00e7\u2019ka t\u00ebrhoqi v\u00ebmendjen e gazetar\u00ebve ishte \u00e7anta e zez\u00eb q\u00eb mbante k\u00ebshilltari i Presidentit Bahri Shaqiri. Me siguri n\u00eb t\u00eb ndodhet t\u00eb gjitha provat, p\u00ebr t\u00eb cilat kreu i shtetit ka ngritur padin\u00eb nd ministres Gjonaj, nj\u00eb pjes\u00eb e t\u00eb cilave jan\u00eb b\u00ebr\u00eb publike nga Presidenti Meta n\u00eb daljet e tij p\u00ebr mediat.<\/p>\n<div class=\"galery-slider\">\n<ul class=\"slides\">\n<li class=\"flex-slider-item\" data-thumb-alt=\"\"><a href=\"https:\/\/www.balkanweb.com\/wp-content\/uploads\/2020\/02\/WhatsApp-Image-2020-02-24-at-1.44.56-PM.jpeg\" rel=\"lightbox\"><img decoding=\"async\" draggable=\"false\" src=\"https:\/\/www.balkanweb.com\/wp-content\/uploads\/2020\/02\/WhatsApp-Image-2020-02-24-at-1.44.56-PM.jpeg\" alt=\"foto galeri \" \/><\/a><\/li>\n<li class=\"flex-slider-item flex-active-slide\" data-thumb-alt=\"\"><a href=\"https:\/\/www.balkanweb.com\/wp-content\/uploads\/2020\/02\/WhatsApp-Image-2020-02-24-at-1.44.56-PM-1.jpeg\" rel=\"lightbox\"><img decoding=\"async\" draggable=\"false\" src=\"https:\/\/www.balkanweb.com\/wp-content\/uploads\/2020\/02\/WhatsApp-Image-2020-02-24-at-1.44.56-PM-1.jpeg\" alt=\"foto galeri \" \/><\/a><\/li>\n<\/ul>\n<\/div>\n<p>N\u00eb Prokurorin\u00eb e Posa\u00e7me, Meta shoq\u00ebrohej sot nga tre k\u00ebshilltar\u00ebt e tij Bahri Shaqiri, Tedi Blushi dhe Bledar Dervishaj.<\/p>\n<p>\u201cNe po vler\u00ebsojm\u00eb prova t\u00eb tjera q\u00eb po na vijn\u00eb p\u00ebr persona t\u00eb tjer\u00eb t\u00eb p\u00ebrfshir\u00eb p\u00ebr t\u00eb \u00e7uar deri n\u00eb fund shpartallimin e k\u00ebsaj tentative t\u00eb grushtit t\u00eb shtetit me nj\u00eb ligj antikushtetues p\u00ebr t\u00eb kthyer Gjykat\u00ebn Kushtetuese garant t\u00eb t\u00eb drejtave kushtetuese nga kjo band\u00eb tep\u00ebr e rrezikshme.\u201d- tha Meta n\u00eb nj\u00eb prononcim p\u00ebr mediat pas dor\u00ebzimit t\u00eb kall\u00ebzimit penal n\u00eb SPAK, p\u00ebr ministren e Drejt\u00ebsis\u00eb.<\/p>\n","protected":false},"excerpt":{"rendered":"<p>Presidenti Ilir Meta dor\u00ebzoi sot personalisht n\u00eb SPAK padin\u00eb ndaj ministres s\u00eb Drejt\u00ebsis\u00eb Etilda Gjonaj. Por krahas deklaratave\u00a0 e mesazheve t\u00eb forta t\u00eb kreut t\u00eb shtetit ajo \u00e7\u2019ka t\u00ebrhoqi v\u00ebmendjen e gazetar\u00ebve ishte \u00e7anta e zez\u00eb q\u00eb mbante k\u00ebshilltari i Presidentit Bahri Shaqiri. Me siguri n\u00eb t\u00eb ndodhet t\u00eb gjitha provat, p\u00ebr t\u00eb cilat kreu [&hellip;]<\/p>\n","protected":false},"author":2013,"featured_media":122617,"comment_status":"open","ping_status":"closed","sticky":false,"template":"","format":"standard","meta":{"footnotes":""},"categories":[241,235],"tags":[],"class_list":{"0":"post-122616","1":"post","2":"type-post","3":"status-publish","4":"format-standard","5":"has-post-thumbnail","7":"category-aktualitet","8":"category-vendi"},"_links":{"self":[{"href":"https:\/\/zjarr.tv\/sq\/wp-json\/wp\/v2\/posts\/122616","targetHints":{"allow":["GET"]}}],"collection":[{"href":"https:\/\/zjarr.tv\/sq\/wp-json\/wp\/v2\/posts"}],"about":[{"href":"https:\/\/zjarr.tv\/sq\/wp-json\/wp\/v2\/types\/post"}],"author":[{"embeddable":true,"href":"https:\/\/zjarr.tv\/sq\/wp-json\/wp\/v2\/users\/2013"}],"replies":[{"embeddable":true,"href":"https:\/\/zjarr.tv\/sq\/wp-json\/wp\/v2\/comments?post=122616"}],"version-history":[{"count":0,"href":"https:\/\/zjarr.tv\/sq\/wp-json\/wp\/v2\/posts\/122616\/revisions"}],"wp:featuredmedia":[{"embeddable":true,"href":"https:\/\/zjarr.tv\/sq\/wp-json\/wp\/v2\/media\/122617"}],"wp:attachment":[{"href":"https:\/\/zjarr.tv\/sq\/wp-json\/wp\/v2\/media?parent=122616"}],"wp:term":[{"taxonomy":"category","embeddable":true,"href":"https:\/\/zjarr.tv\/sq\/wp-json\/wp\/v2\/categories?post=122616"},{"taxonomy":"post_tag","embeddable":true,"href":"https:\/\/zjarr.tv\/sq\/wp-json\/wp\/v2\/tags?post=122616"}],"curies":[{"name":"wp","href":"https:\/\/api.w.org\/{rel}","templated":true}]}}