{"id":122620,"date":"2020-02-24T14:37:00","date_gmt":"2020-02-24T13:37:00","guid":{"rendered":"https:\/\/zjarr.tv\/?p=122620"},"modified":"2020-02-24T14:37:00","modified_gmt":"2020-02-24T13:37:00","slug":"koronavirusi-lulzim-basha-qytetareve-sot-eshte-koha-te-flasin-mjeket","status":"publish","type":"post","link":"https:\/\/zjarr.tv\/sq\/koronavirusi-lulzim-basha-qytetareve-sot-eshte-koha-te-flasin-mjeket\/","title":{"rendered":"Koronavirusi, Lulzim Basha &#8211; qytetar\u00ebve: Sot \u00ebsht\u00eb koha t\u00eb flasin mjek\u00ebt!"},"content":{"rendered":"<div class=\"readmore-text-here\">\n<p>Kryetari i opozit\u00ebs iu drejtua me nj\u00eb mesazh sot qytetar\u00ebve shqiptar\u00ebve lidhur me koronavirusin dhe rrezikun e shtuar nga p\u00ebrhapja e tij n\u00eb Italin\u00eb fqinje.<\/p>\n<p>N\u00eb fjal\u00ebt e tij Basha tha:<\/p>\n<p>&#8220;N\u00eb 24 or\u00ebt e fundit kam ndjekur me v\u00ebmendjet zhvillimet n\u00eb Italin\u00eb fqinj\u00eb dhe rrisqet e shtuara p\u00ebr vendin ton\u00eb lidhur me koronavirusin.<\/p>\n<p>Gjat\u00eb dit\u00ebs s\u00eb sotme kemi pasur disa takime me ekspert\u00ebt m\u00eb t\u00eb r\u00ebnd\u00ebsish\u00ebm t\u00eb Sh\u00ebndet\u00ebsis\u00eb dhe nj\u00eb num\u00ebr profesor\u00ebsh \u00ebt QSUT si dhe disa konsulta me p\u00ebrfaq\u00ebsues t\u00eb OBSH. Nd\u00ebrkoh\u00eb kemi ndjekur hap pas hapi zhvillimet n\u00eb terren dhe kemi ndjekur hapat e nd\u00ebrmarr\u00eb nga qeveria.<\/p>\n<p>N\u00eb nj\u00eb koh\u00eb kam disa mesazhe p\u00ebr ju, prind\u00ebr, apo prind\u00ebr me t\u00eb moshuar . Sot \u00ebsht\u00eb koha t\u00eb flasin mjek\u00ebt, t\u00eb flasin ekspert\u00ebt, t\u00eb hartohet plani i detajuar i masave konkrete q\u00eb t\u00eb ndahet me qytetar\u00ebt q\u00eb ata t\u00eb informohen p\u00ebr masat q\u00eb duhet t\u00eb merren.<\/p>\n<p>Nuk \u00ebsht\u00eb koha p\u00ebr propagand\u00eb, \u00ebsht\u00eb koha t\u00eb flasim mjek\u00ebt dhe specialist\u00ebt! Larg panikut.&#8221;<\/p>\n<p><iframe loading=\"lazy\" src=\"https:\/\/video.syri.net\/embed\/iaXumfRNMmL7oqX\" width=\"700\" height=\"400\" frameborder=\"0\" allowfullscreen=\"allowfullscreen\" data-mce-fragment=\"1\"><\/iframe><\/p>\n<\/div>\n<div id=\"rekl-33\"><\/div>\n","protected":false},"excerpt":{"rendered":"<p>Kryetari i opozit\u00ebs iu drejtua me nj\u00eb mesazh sot qytetar\u00ebve shqiptar\u00ebve lidhur me koronavirusin dhe rrezikun e shtuar nga p\u00ebrhapja e tij n\u00eb Italin\u00eb fqinje. N\u00eb fjal\u00ebt e tij Basha tha: &#8220;N\u00eb 24 or\u00ebt e fundit kam ndjekur me v\u00ebmendjet zhvillimet n\u00eb Italin\u00eb fqinj\u00eb dhe rrisqet e shtuara p\u00ebr vendin ton\u00eb lidhur me koronavirusin. Gjat\u00eb [&hellip;]<\/p>\n","protected":false},"author":2013,"featured_media":112899,"comment_status":"open","ping_status":"closed","sticky":false,"template":"","format":"standard","meta":{"footnotes":""},"categories":[241,235],"tags":[],"class_list":{"0":"post-122620","1":"post","2":"type-post","3":"status-publish","4":"format-standard","5":"has-post-thumbnail","7":"category-aktualitet","8":"category-vendi"},"_links":{"self":[{"href":"https:\/\/zjarr.tv\/sq\/wp-json\/wp\/v2\/posts\/122620","targetHints":{"allow":["GET"]}}],"collection":[{"href":"https:\/\/zjarr.tv\/sq\/wp-json\/wp\/v2\/posts"}],"about":[{"href":"https:\/\/zjarr.tv\/sq\/wp-json\/wp\/v2\/types\/post"}],"author":[{"embeddable":true,"href":"https:\/\/zjarr.tv\/sq\/wp-json\/wp\/v2\/users\/2013"}],"replies":[{"embeddable":true,"href":"https:\/\/zjarr.tv\/sq\/wp-json\/wp\/v2\/comments?post=122620"}],"version-history":[{"count":0,"href":"https:\/\/zjarr.tv\/sq\/wp-json\/wp\/v2\/posts\/122620\/revisions"}],"wp:featuredmedia":[{"embeddable":true,"href":"https:\/\/zjarr.tv\/sq\/wp-json\/wp\/v2\/media\/112899"}],"wp:attachment":[{"href":"https:\/\/zjarr.tv\/sq\/wp-json\/wp\/v2\/media?parent=122620"}],"wp:term":[{"taxonomy":"category","embeddable":true,"href":"https:\/\/zjarr.tv\/sq\/wp-json\/wp\/v2\/categories?post=122620"},{"taxonomy":"post_tag","embeddable":true,"href":"https:\/\/zjarr.tv\/sq\/wp-json\/wp\/v2\/tags?post=122620"}],"curies":[{"name":"wp","href":"https:\/\/api.w.org\/{rel}","templated":true}]}}