{"id":122629,"date":"2020-02-24T15:08:40","date_gmt":"2020-02-24T14:08:40","guid":{"rendered":"https:\/\/zjarr.tv\/?p=122629"},"modified":"2020-02-24T15:08:40","modified_gmt":"2020-02-24T14:08:40","slug":"kontrollohen-shqiptaret-qe-kthehen-nga-italia-ne-rinas-na-maten-temperaturen","status":"publish","type":"post","link":"https:\/\/zjarr.tv\/sq\/kontrollohen-shqiptaret-qe-kthehen-nga-italia-ne-rinas-na-maten-temperaturen\/","title":{"rendered":"Kontrollohen shqiptar\u00ebt q\u00eb kthehen nga Italia n\u00eb Rinas: Na mat\u00ebn temperatur\u00ebn"},"content":{"rendered":"<p>Qytetar\u00ebt shqiptar\u00eb q\u00eb vijn\u00eb nga Italia\u00a0 jan\u00eb kontrolluar n\u00eb aeroportin e Shqip\u00ebris\u00eb dhe Italis\u00eb n\u00eb lidhje me Coronavirusin. Ata thon\u00eb se n\u00eb Itali jan\u00eb kontrolluar me skan\u00ebr ndersa ne vendin tone, u matet temperatura. P\u00ebrtej k\u00ebtyre masave, disa prej qytetar\u00ebve nuk kan\u00eb nguruar t\u00eb v\u00ebn\u00eb edhe maskat, si form\u00eb mbrojt\u00ebse ndaj k\u00ebtij virusi.<\/p>\n","protected":false},"excerpt":{"rendered":"<p>Qytetar\u00ebt shqiptar\u00eb q\u00eb vijn\u00eb nga Italia\u00a0 jan\u00eb kontrolluar n\u00eb aeroportin e Shqip\u00ebris\u00eb dhe Italis\u00eb n\u00eb lidhje me Coronavirusin. Ata thon\u00eb se n\u00eb Itali jan\u00eb kontrolluar me skan\u00ebr ndersa ne vendin tone, u matet temperatura. P\u00ebrtej k\u00ebtyre masave, disa prej qytetar\u00ebve nuk kan\u00eb nguruar t\u00eb v\u00ebn\u00eb edhe maskat, si form\u00eb mbrojt\u00ebse ndaj k\u00ebtij virusi.<\/p>\n","protected":false},"author":2013,"featured_media":122630,"comment_status":"open","ping_status":"closed","sticky":false,"template":"","format":"standard","meta":{"footnotes":""},"categories":[241,235],"tags":[],"class_list":{"0":"post-122629","1":"post","2":"type-post","3":"status-publish","4":"format-standard","5":"has-post-thumbnail","7":"category-aktualitet","8":"category-vendi"},"_links":{"self":[{"href":"https:\/\/zjarr.tv\/sq\/wp-json\/wp\/v2\/posts\/122629","targetHints":{"allow":["GET"]}}],"collection":[{"href":"https:\/\/zjarr.tv\/sq\/wp-json\/wp\/v2\/posts"}],"about":[{"href":"https:\/\/zjarr.tv\/sq\/wp-json\/wp\/v2\/types\/post"}],"author":[{"embeddable":true,"href":"https:\/\/zjarr.tv\/sq\/wp-json\/wp\/v2\/users\/2013"}],"replies":[{"embeddable":true,"href":"https:\/\/zjarr.tv\/sq\/wp-json\/wp\/v2\/comments?post=122629"}],"version-history":[{"count":0,"href":"https:\/\/zjarr.tv\/sq\/wp-json\/wp\/v2\/posts\/122629\/revisions"}],"wp:featuredmedia":[{"embeddable":true,"href":"https:\/\/zjarr.tv\/sq\/wp-json\/wp\/v2\/media\/122630"}],"wp:attachment":[{"href":"https:\/\/zjarr.tv\/sq\/wp-json\/wp\/v2\/media?parent=122629"}],"wp:term":[{"taxonomy":"category","embeddable":true,"href":"https:\/\/zjarr.tv\/sq\/wp-json\/wp\/v2\/categories?post=122629"},{"taxonomy":"post_tag","embeddable":true,"href":"https:\/\/zjarr.tv\/sq\/wp-json\/wp\/v2\/tags?post=122629"}],"curies":[{"name":"wp","href":"https:\/\/api.w.org\/{rel}","templated":true}]}}