{"id":122632,"date":"2020-02-24T15:10:12","date_gmt":"2020-02-24T14:10:12","guid":{"rendered":"https:\/\/zjarr.tv\/?p=122632"},"modified":"2020-02-24T15:10:12","modified_gmt":"2020-02-24T14:10:12","slug":"mbetjet-e-rrezikshme-nga-italia-gjykata-jep-vendimin","status":"publish","type":"post","link":"https:\/\/zjarr.tv\/sq\/mbetjet-e-rrezikshme-nga-italia-gjykata-jep-vendimin\/","title":{"rendered":"Mbetjet e rrezikshme nga Italia, Gjykata jep vendimin"},"content":{"rendered":"<p>Gjykata e Vlor\u00ebs ka dh\u00ebn\u00eb masat e arrestit p\u00ebr 6 t\u00eb arrestuarit gjat\u00eb operacionit ku u kap\u00ebn mbetjet e rrezikshme n\u00eb Vlor\u00eb. Nga 6 t\u00eb arrestuarit Gjykata ka vendosur arrest me burg p\u00ebr pronarin e firm\u00ebs s\u00eb grumbullimit, Zamir Kornuzin, z\u00ebvend\u00ebs kapitenin e tragetit St Damian Kujtim Xhaferllarin si dhe p\u00ebr shoferin e furgonit Arb\u00ebr \u00c7unin.<\/p>\n<p>N\u00eb arrest sht\u00ebpie jan\u00eb l\u00ebn\u00eb kapiteni i tragetit Festim Tafa, dhe Elisabeta \u00c7uni administratorja e firm\u00ebs s\u00eb pastrimit \u201dDelfini 1\u201d.<br \/>\nKurse drejtori operativ i agjencis\u00eb s\u00eb biletave \u00ebsht\u00eb l\u00ebn\u00eb n\u00eb detyrim paraqitje.<\/p>\n<p>Nd\u00ebrkoh\u00eb Balkan\u00cbeb\u00a0raporton se Elisabeta \u00c7uni pas seanc\u00ebs ka qen\u00eb n\u00eb gjendje t\u00eb r\u00ebnd\u00eb sh\u00ebndet\u00ebsore.<\/p>\n<p>M\u00eb 20 shkurt Policia zhvilloi operacionin \u201dAmiant\u201d ku n\u00eb tragetin St Damian t\u00eb linj\u00ebs Brindisi- Vlor\u00eb u bllokuan fu\u00e7i dhe qese t\u00eb cilat dyshoheshin se kishin p\u00ebrmbajtje t\u00eb rrezikshme. Firma \u201dDelfini 1\u201d i sillte k\u00ebto produkte p\u00ebr pastrim kimik sipas saj kurse dyshohet se k\u00ebto mbetje do t\u00eb depozitoheshin n\u00eb Shqip\u00ebri.<\/p>\n<p>Mediat italiane zbuluan se ishin kryer dhe t\u00eb pakt\u00ebn 15 importime t\u00eb tjera nga Italia nd\u00ebrsa analizat laboratorike treguan se k\u00ebto mbetje nuk kishin p\u00ebrmbajtje radioaktive.<\/p>\n","protected":false},"excerpt":{"rendered":"<p>Gjykata e Vlor\u00ebs ka dh\u00ebn\u00eb masat e arrestit p\u00ebr 6 t\u00eb arrestuarit gjat\u00eb operacionit ku u kap\u00ebn mbetjet e rrezikshme n\u00eb Vlor\u00eb. Nga 6 t\u00eb arrestuarit Gjykata ka vendosur arrest me burg p\u00ebr pronarin e firm\u00ebs s\u00eb grumbullimit, Zamir Kornuzin, z\u00ebvend\u00ebs kapitenin e tragetit St Damian Kujtim Xhaferllarin si dhe p\u00ebr shoferin e furgonit Arb\u00ebr [&hellip;]<\/p>\n","protected":false},"author":2013,"featured_media":122633,"comment_status":"open","ping_status":"closed","sticky":false,"template":"","format":"standard","meta":{"footnotes":""},"categories":[241,235],"tags":[],"class_list":{"0":"post-122632","1":"post","2":"type-post","3":"status-publish","4":"format-standard","5":"has-post-thumbnail","7":"category-aktualitet","8":"category-vendi"},"_links":{"self":[{"href":"https:\/\/zjarr.tv\/sq\/wp-json\/wp\/v2\/posts\/122632","targetHints":{"allow":["GET"]}}],"collection":[{"href":"https:\/\/zjarr.tv\/sq\/wp-json\/wp\/v2\/posts"}],"about":[{"href":"https:\/\/zjarr.tv\/sq\/wp-json\/wp\/v2\/types\/post"}],"author":[{"embeddable":true,"href":"https:\/\/zjarr.tv\/sq\/wp-json\/wp\/v2\/users\/2013"}],"replies":[{"embeddable":true,"href":"https:\/\/zjarr.tv\/sq\/wp-json\/wp\/v2\/comments?post=122632"}],"version-history":[{"count":0,"href":"https:\/\/zjarr.tv\/sq\/wp-json\/wp\/v2\/posts\/122632\/revisions"}],"wp:featuredmedia":[{"embeddable":true,"href":"https:\/\/zjarr.tv\/sq\/wp-json\/wp\/v2\/media\/122633"}],"wp:attachment":[{"href":"https:\/\/zjarr.tv\/sq\/wp-json\/wp\/v2\/media?parent=122632"}],"wp:term":[{"taxonomy":"category","embeddable":true,"href":"https:\/\/zjarr.tv\/sq\/wp-json\/wp\/v2\/categories?post=122632"},{"taxonomy":"post_tag","embeddable":true,"href":"https:\/\/zjarr.tv\/sq\/wp-json\/wp\/v2\/tags?post=122632"}],"curies":[{"name":"wp","href":"https:\/\/api.w.org\/{rel}","templated":true}]}}