{"id":122643,"date":"2020-02-24T15:29:40","date_gmt":"2020-02-24T14:29:40","guid":{"rendered":"https:\/\/zjarr.tv\/?p=122643"},"modified":"2020-02-24T15:29:40","modified_gmt":"2020-02-24T14:29:40","slug":"antikck-deri-ne-fundvit-komisioni-i-ligjeve-miraton-aktin-normativ","status":"publish","type":"post","link":"https:\/\/zjarr.tv\/sq\/antikck-deri-ne-fundvit-komisioni-i-ligjeve-miraton-aktin-normativ\/","title":{"rendered":"ANTIK\u00c7K deri n\u00eb fundvit, Komisioni i Ligjeve miraton aktin normativ"},"content":{"rendered":"<p>Mazhoranca miratoi n\u00eb Komisionin e Ligjeve aktin normativ ANTIK\u00c7K, i cili ka hyr\u00eb n\u00eb fuqi me 31 janar, si dhe projektigjin p\u00ebr administrimin e pronave t\u00eb sekuestruar.<\/p>\n<p>Sipas Ministris\u00eb s\u00eb Brendshme dhe asaj t\u00eb Drejt\u00ebsis\u00eb, subjekt e k\u00ebtij ligji jan\u00eb pasurit\u00eb e personave t\u00eb p\u00ebrshir\u00eb n\u00eb krime t\u00eb r\u00ebnda.<\/p>\n<p>Akti normativ i ka dh\u00ebn\u00eb kompetenca Policis\u00eb s\u00eb Shtetit, p\u00ebr t\u00eb nd\u00ebrhyr\u00eb n\u00eb raste emergjente pa patur t\u00eb domosdoshme urdhrin e prokuroris\u00eb, nd\u00ebrkoh\u00eb q\u00eb OFL prej disa jav\u00ebsh kas nisur sekuestrimin e pronave t\u00eb pajustifikuara t\u00eb personave t\u00eb d\u00ebnuar, t\u00eb cilat tashm\u00eb do t\u00eb administrohen nga policia.<\/p>\n<p>Qeveria duhet ta miratoj\u00eb n\u00eb Kuvend aktin normativ brenda 45 dit\u00ebsh nga momenti i nxjerrjes s\u00eb tij.<\/p>\n","protected":false},"excerpt":{"rendered":"<p>Mazhoranca miratoi n\u00eb Komisionin e Ligjeve aktin normativ ANTIK\u00c7K, i cili ka hyr\u00eb n\u00eb fuqi me 31 janar, si dhe projektigjin p\u00ebr administrimin e pronave t\u00eb sekuestruar. Sipas Ministris\u00eb s\u00eb Brendshme dhe asaj t\u00eb Drejt\u00ebsis\u00eb, subjekt e k\u00ebtij ligji jan\u00eb pasurit\u00eb e personave t\u00eb p\u00ebrshir\u00eb n\u00eb krime t\u00eb r\u00ebnda. Akti normativ i ka dh\u00ebn\u00eb kompetenca [&hellip;]<\/p>\n","protected":false},"author":2013,"featured_media":122644,"comment_status":"open","ping_status":"closed","sticky":false,"template":"","format":"standard","meta":{"footnotes":""},"categories":[241,235],"tags":[],"class_list":{"0":"post-122643","1":"post","2":"type-post","3":"status-publish","4":"format-standard","5":"has-post-thumbnail","7":"category-aktualitet","8":"category-vendi"},"_links":{"self":[{"href":"https:\/\/zjarr.tv\/sq\/wp-json\/wp\/v2\/posts\/122643","targetHints":{"allow":["GET"]}}],"collection":[{"href":"https:\/\/zjarr.tv\/sq\/wp-json\/wp\/v2\/posts"}],"about":[{"href":"https:\/\/zjarr.tv\/sq\/wp-json\/wp\/v2\/types\/post"}],"author":[{"embeddable":true,"href":"https:\/\/zjarr.tv\/sq\/wp-json\/wp\/v2\/users\/2013"}],"replies":[{"embeddable":true,"href":"https:\/\/zjarr.tv\/sq\/wp-json\/wp\/v2\/comments?post=122643"}],"version-history":[{"count":0,"href":"https:\/\/zjarr.tv\/sq\/wp-json\/wp\/v2\/posts\/122643\/revisions"}],"wp:featuredmedia":[{"embeddable":true,"href":"https:\/\/zjarr.tv\/sq\/wp-json\/wp\/v2\/media\/122644"}],"wp:attachment":[{"href":"https:\/\/zjarr.tv\/sq\/wp-json\/wp\/v2\/media?parent=122643"}],"wp:term":[{"taxonomy":"category","embeddable":true,"href":"https:\/\/zjarr.tv\/sq\/wp-json\/wp\/v2\/categories?post=122643"},{"taxonomy":"post_tag","embeddable":true,"href":"https:\/\/zjarr.tv\/sq\/wp-json\/wp\/v2\/tags?post=122643"}],"curies":[{"name":"wp","href":"https:\/\/api.w.org\/{rel}","templated":true}]}}