{"id":122658,"date":"2020-02-24T16:15:52","date_gmt":"2020-02-24T15:15:52","guid":{"rendered":"https:\/\/zjarr.tv\/?p=122658"},"modified":"2020-02-24T16:15:52","modified_gmt":"2020-02-24T15:15:52","slug":"ruci-ben-thirrje-per-unitet-qendrimesh-te-perfaqesuesve-te-lugines","status":"publish","type":"post","link":"https:\/\/zjarr.tv\/sq\/ruci-ben-thirrje-per-unitet-qendrimesh-te-perfaqesuesve-te-lugines\/","title":{"rendered":"Ru\u00e7i b\u00ebn thirrje p\u00ebr unitet q\u00ebndrimesh t\u00eb p\u00ebrfaq\u00ebsuesve t\u00eb Lugin\u00ebs"},"content":{"rendered":"<p>Kryetari i Kuvendit t\u00eb Shqip\u00ebris\u00eb, Gramoz Ru\u00e7i, priti sot p\u00ebrfaq\u00ebsuesit e komunave t\u00eb Preshev\u00ebs, Armend Aliu, dhe t\u00eb Bujanovcit, Arb\u00ebr Pajaziti.<\/p>\n<p>Gjat\u00eb takimit u bisedua p\u00ebr \u00e7\u00ebshtje aktuale politike t\u00eb shqiptar\u00ebve n\u00eb Lugin\u00ebn e Preshev\u00ebs, nevoj\u00ebn e tyre p\u00ebr nj\u00eb platform\u00eb politike p\u00ebr unitet n\u00eb dialogun me Qeverin\u00eb e Republik\u00ebs s\u00eb Serbis\u00eb si edhe zgjerimin e bashk\u00ebpunimit dhe konsultimit me institucionet e Republik\u00ebs s\u00eb Shqip\u00ebris\u00eb p\u00ebr rritjen dhe konsolidimin e p\u00ebrfaq\u00ebsimit politik dhe respektimin e t\u00eb drejtave t\u00eb shqiptar\u00ebve n\u00eb Serbi.<\/p>\n<p>Kryeparlamentari Ru\u00e7i, vuri n\u00eb dukje r\u00ebnd\u00ebsin\u00eb e unifikimit t\u00eb q\u00ebndrimeve t\u00eb shqiptar\u00ebve q\u00eb jetojn\u00eb n\u00eb Lugin\u00ebn e Preshev\u00ebs, i cili u sh\u00ebrben rritjes dhe fuqizimit t\u00eb p\u00ebrfaq\u00ebsimit t\u00eb tyre politik si edhe garantimit dhe zgjerimit t\u00eb t\u00eb drejtave t\u00eb shqiptar\u00ebve t\u00eb Lugin\u00ebs s\u00eb Preshev\u00ebs<\/p>\n","protected":false},"excerpt":{"rendered":"<p>Kryetari i Kuvendit t\u00eb Shqip\u00ebris\u00eb, Gramoz Ru\u00e7i, priti sot p\u00ebrfaq\u00ebsuesit e komunave t\u00eb Preshev\u00ebs, Armend Aliu, dhe t\u00eb Bujanovcit, Arb\u00ebr Pajaziti. Gjat\u00eb takimit u bisedua p\u00ebr \u00e7\u00ebshtje aktuale politike t\u00eb shqiptar\u00ebve n\u00eb Lugin\u00ebn e Preshev\u00ebs, nevoj\u00ebn e tyre p\u00ebr nj\u00eb platform\u00eb politike p\u00ebr unitet n\u00eb dialogun me Qeverin\u00eb e Republik\u00ebs s\u00eb Serbis\u00eb si edhe zgjerimin [&hellip;]<\/p>\n","protected":false},"author":2013,"featured_media":122659,"comment_status":"open","ping_status":"closed","sticky":false,"template":"","format":"standard","meta":{"footnotes":""},"categories":[241,235],"tags":[],"class_list":{"0":"post-122658","1":"post","2":"type-post","3":"status-publish","4":"format-standard","5":"has-post-thumbnail","7":"category-aktualitet","8":"category-vendi"},"_links":{"self":[{"href":"https:\/\/zjarr.tv\/sq\/wp-json\/wp\/v2\/posts\/122658","targetHints":{"allow":["GET"]}}],"collection":[{"href":"https:\/\/zjarr.tv\/sq\/wp-json\/wp\/v2\/posts"}],"about":[{"href":"https:\/\/zjarr.tv\/sq\/wp-json\/wp\/v2\/types\/post"}],"author":[{"embeddable":true,"href":"https:\/\/zjarr.tv\/sq\/wp-json\/wp\/v2\/users\/2013"}],"replies":[{"embeddable":true,"href":"https:\/\/zjarr.tv\/sq\/wp-json\/wp\/v2\/comments?post=122658"}],"version-history":[{"count":0,"href":"https:\/\/zjarr.tv\/sq\/wp-json\/wp\/v2\/posts\/122658\/revisions"}],"wp:featuredmedia":[{"embeddable":true,"href":"https:\/\/zjarr.tv\/sq\/wp-json\/wp\/v2\/media\/122659"}],"wp:attachment":[{"href":"https:\/\/zjarr.tv\/sq\/wp-json\/wp\/v2\/media?parent=122658"}],"wp:term":[{"taxonomy":"category","embeddable":true,"href":"https:\/\/zjarr.tv\/sq\/wp-json\/wp\/v2\/categories?post=122658"},{"taxonomy":"post_tag","embeddable":true,"href":"https:\/\/zjarr.tv\/sq\/wp-json\/wp\/v2\/tags?post=122658"}],"curies":[{"name":"wp","href":"https:\/\/api.w.org\/{rel}","templated":true}]}}