{"id":122661,"date":"2020-02-24T16:17:23","date_gmt":"2020-02-24T15:17:23","guid":{"rendered":"https:\/\/zjarr.tv\/?p=122661"},"modified":"2020-02-24T16:17:23","modified_gmt":"2020-02-24T15:17:23","slug":"taksa-dhe-reciprociteti-perplasin-kurtin-dhe-bernabicin-ne-samitin-e-londres","status":"publish","type":"post","link":"https:\/\/zjarr.tv\/sq\/taksa-dhe-reciprociteti-perplasin-kurtin-dhe-bernabicin-ne-samitin-e-londres\/","title":{"rendered":"Taksa dhe reciprociteti \u2018p\u00ebrplasin\u2019 Kurtin dhe B\u00ebrnabi\u00e7in n\u00eb Samitin e Londr\u00ebs"},"content":{"rendered":"<p>Kryeministri i Kosov\u00ebs, Albin Kurti, ka marr\u00eb pjes\u00eb n\u00eb Samitin e Ballkanit Per\u00ebndimor t\u00eb organizuar nga Banka Evropiane p\u00ebr Rind\u00ebrtim dhe Zhvillim (BERZH). N\u00eb k\u00ebt\u00eb Samit ishte e ftuar edhe kryeministrja e Serbis\u00eb, Ana B\u00ebrnabiq, ku edhe u diskutuan edhe raportet me Kosov\u00ebn.<\/p>\n<p>Sipas raportimeve n\u00eb mediet serbe, n\u00eb k\u00ebt\u00eb Samit kishte tensione dhe pak\u00ebnaq\u00ebsi mes Kurtit dhe B\u00ebrnabiqit, sa i p\u00ebrket taks\u00ebs, shkruan lajmi.net.<\/p>\n<p>Kjo p\u00ebr shkak t\u00eb ideve t\u00eb kund\u00ebrta mes Kosov\u00ebs dhe Serbis\u00eb n\u00eb lidhje me taks\u00ebn.<\/p>\n<p>Kryeministrja e Serbis\u00eb Ana B\u00ebrnabiq, edhe n\u00eb k\u00ebt\u00eb Samit ka k\u00ebrkuar nga Kurti q\u00eb t\u00eb hiqet tarifa prej 100 p\u00ebr qind e vendosur p\u00ebr mallrat serbe dhe boshnjake, pasi q\u00eb sipas saj, kjo taks\u00eb \u00ebsht\u00eb e d\u00ebmshme p\u00ebr rajonin dhe t\u00ebrheqjen e investimeve.<\/p>\n<p>\u201cVendosja e task\u00ebs \u00ebsht\u00eb e keqe p\u00ebr rajonin. Kjo \u00ebsht\u00eb arsyeja pse, edhe nj\u00eb her\u00eb, un\u00eb po k\u00ebrkoj nga zot\u00ebri Kurti q\u00eb t\u00eb mendoj\u00eb p\u00ebr tarifat sepse duhet t\u00eb jemi praktik n\u00ebse duam t\u00eb rrisim tregtin\u00eb dhe t\u00eb t\u00ebrheqim investime, sepse qytetar\u00ebt e presin k\u00ebt\u00eb gj\u00eb nga ne\u201d, theksoi B\u00ebrnabiq n\u00eb fjalimin e saj.<\/p>\n<p>Mir\u00ebpo, Kurti n\u00eb fjalimin e tij, i \u00ebsht\u00eb kund\u00ebrp\u00ebrgjigjur homologes s\u00eb tij serbe, B\u00ebrnabiq, duke th\u00ebn\u00eb se taksa do t\u00eb z\u00ebvend\u00ebsohet me reciprocitet.<\/p>\n<p>Kurti ka b\u00ebr\u00eb t\u00eb ditur se Kosova \u00ebsht\u00eb e gatshme q\u00eb t\u00eb bashk\u00ebpunoj me Serbin\u00eb p\u00ebr t\u00eb p\u00ebrmir\u00ebsuar marr\u00ebdh\u00ebniet, por q\u00eb tarifa do t\u00eb z\u00ebvend\u00ebsohet me mas\u00ebn e reciprocitetit.<\/p>\n<p>\u201cNe duam q\u00eb tarif\u00ebn ta z\u00ebvend\u00ebsojm\u00eb me mas\u00ebn e reciprocitetit dhe kjo nuk duhet t\u00eb konsiderohet si hakmarrje, por ne jemi duke u ndjer\u00eb t\u00eb diskriminuar dhe k\u00ebrkojm\u00eb t\u00eb jemi t\u00eb barabart\u00eb\u201d, theksoi Kurti,transmeton lajmi.net. Theksojm\u00eb se kjo \u00ebsht\u00eb hera e par\u00eb q\u00eb Albin Kurti dhe Ana B\u00ebrnabiq jan\u00eb ballafaquar dhe jan\u00eb takuar q\u00eb nga koha kur, Kurti ka ardhur n\u00eb krye t\u00eb Qeveris\u00eb s\u00eb Kosov\u00ebs.<\/p>\n","protected":false},"excerpt":{"rendered":"<p>Kryeministri i Kosov\u00ebs, Albin Kurti, ka marr\u00eb pjes\u00eb n\u00eb Samitin e Ballkanit Per\u00ebndimor t\u00eb organizuar nga Banka Evropiane p\u00ebr Rind\u00ebrtim dhe Zhvillim (BERZH). N\u00eb k\u00ebt\u00eb Samit ishte e ftuar edhe kryeministrja e Serbis\u00eb, Ana B\u00ebrnabiq, ku edhe u diskutuan edhe raportet me Kosov\u00ebn. Sipas raportimeve n\u00eb mediet serbe, n\u00eb k\u00ebt\u00eb Samit kishte tensione dhe pak\u00ebnaq\u00ebsi [&hellip;]<\/p>\n","protected":false},"author":2013,"featured_media":122662,"comment_status":"open","ping_status":"closed","sticky":false,"template":"","format":"standard","meta":{"footnotes":""},"categories":[241,2],"tags":[],"class_list":{"0":"post-122661","1":"post","2":"type-post","3":"status-publish","4":"format-standard","5":"has-post-thumbnail","7":"category-aktualitet","8":"category-rajoni"},"_links":{"self":[{"href":"https:\/\/zjarr.tv\/sq\/wp-json\/wp\/v2\/posts\/122661","targetHints":{"allow":["GET"]}}],"collection":[{"href":"https:\/\/zjarr.tv\/sq\/wp-json\/wp\/v2\/posts"}],"about":[{"href":"https:\/\/zjarr.tv\/sq\/wp-json\/wp\/v2\/types\/post"}],"author":[{"embeddable":true,"href":"https:\/\/zjarr.tv\/sq\/wp-json\/wp\/v2\/users\/2013"}],"replies":[{"embeddable":true,"href":"https:\/\/zjarr.tv\/sq\/wp-json\/wp\/v2\/comments?post=122661"}],"version-history":[{"count":0,"href":"https:\/\/zjarr.tv\/sq\/wp-json\/wp\/v2\/posts\/122661\/revisions"}],"wp:featuredmedia":[{"embeddable":true,"href":"https:\/\/zjarr.tv\/sq\/wp-json\/wp\/v2\/media\/122662"}],"wp:attachment":[{"href":"https:\/\/zjarr.tv\/sq\/wp-json\/wp\/v2\/media?parent=122661"}],"wp:term":[{"taxonomy":"category","embeddable":true,"href":"https:\/\/zjarr.tv\/sq\/wp-json\/wp\/v2\/categories?post=122661"},{"taxonomy":"post_tag","embeddable":true,"href":"https:\/\/zjarr.tv\/sq\/wp-json\/wp\/v2\/tags?post=122661"}],"curies":[{"name":"wp","href":"https:\/\/api.w.org\/{rel}","templated":true}]}}