{"id":122664,"date":"2020-02-24T16:26:53","date_gmt":"2020-02-24T15:26:53","guid":{"rendered":"https:\/\/zjarr.tv\/?p=122664"},"modified":"2020-02-24T16:26:53","modified_gmt":"2020-02-24T15:26:53","slug":"padia-e-presidentit-ne-spak-dalin-emrat-kush-jane-te-akuzuarit-per-shperdorim-detyre-falsifikim-dhe","status":"publish","type":"post","link":"https:\/\/zjarr.tv\/sq\/padia-e-presidentit-ne-spak-dalin-emrat-kush-jane-te-akuzuarit-per-shperdorim-detyre-falsifikim-dhe\/","title":{"rendered":"Padia e Presidentit n\u00eb SPAK\/ Dalin emrat, kush jan\u00eb t\u00eb akuzuarit p\u00ebr shp\u00ebrdorim detyre, falsifikim dhe\u2026"},"content":{"rendered":"<p>Presidenti i Republik\u00ebs Ilir Meta ka depozituar sot kall\u00ebzimin penal pran\u00eb SPAK, ndaj 3 funksionar\u00ebve t\u00eb lart\u00eb t\u00eb Ministris\u00eb s\u00eb Drejt\u00ebsis\u00eb.<\/p>\n<p>Mesohet se behet fjale Etilda Gjonajn, ministren e Drejt\u00ebsis\u00eb, Gentian Deva, me detyr\u00eb Sekretar i P\u00ebrgjithsh\u00ebm i Ministris\u00eb s\u00eb Drejt\u00ebsis\u00eb si dhe Etleva Haxhia, me detyr\u00eb Drejtoresh\u00eb e Qendr\u00ebs s\u00eb Botimeve Zyrtare.<\/p>\n<p><strong>Ata akuzohen se n\u00eb bashk\u00ebpunim, kan\u00eb konsumuar veprat penale t\u00eb m\u00ebposhtme:<\/strong><\/p>\n<p>1. \u201cShp\u00ebrdorim i Detyr\u00ebs\u201d, parashikuar nga neni 248 i Kodit Penal;<br \/>\n2.\u201cUshtrimi i ndikimit t\u00eb paligjsh\u00ebm ndaj personave q\u00eb ushtrojn\u00eb funksione publike\u201d, parashikuar nga neni 245\/1 i Kodit Penal;<br \/>\n3.\u201cFalsifikim i dokumenteve\u201d, parashikuar nga neni 186 i Kodit Penal<br \/>\n4.\u201cP\u00ebrvet\u00ebsimi i titullit apo i detyr\u00ebs shtet\u00ebrore\u201d, parashikuar nga neni 246 i Kodit Penale.<\/p>\n<p>Edhe k\u00ebt\u00eb kall\u00ebzim Presidenti e depozitoi pran\u00eb Prokuroris\u00eb s\u00eb Posa\u00e7me Kund\u00ebr Krimit t\u00eb Organizuar dhe Korrupsionit (SPAK) jo vet\u00ebm nisur nga fakti q\u00eb \u00ebsht\u00eb nj\u00eb hap procedurial vijues n\u00eb vijim t\u00eb Kall\u00ebzimit t\u00eb b\u00ebr\u00eb n\u00eb dat\u00eb 19.11.2019 dhe Kallzimit Shtes\u00eb t\u00eb b\u00ebr\u00eb n\u00eb dat\u00eb 18.02.2020, por dhe p\u00ebr faktin se kompetenca l\u00ebndore i p\u00ebrket SPAK sipas nenit 148\/4 dhe 135\/2 t\u00eb Kushtetut\u00ebs dhe neneve 25\/3 dhe 75\/a t\u00eb Kodit te Procedur\u00ebs Penale.<\/p>\n","protected":false},"excerpt":{"rendered":"<p>Presidenti i Republik\u00ebs Ilir Meta ka depozituar sot kall\u00ebzimin penal pran\u00eb SPAK, ndaj 3 funksionar\u00ebve t\u00eb lart\u00eb t\u00eb Ministris\u00eb s\u00eb Drejt\u00ebsis\u00eb. Mesohet se behet fjale Etilda Gjonajn, ministren e Drejt\u00ebsis\u00eb, Gentian Deva, me detyr\u00eb Sekretar i P\u00ebrgjithsh\u00ebm i Ministris\u00eb s\u00eb Drejt\u00ebsis\u00eb si dhe Etleva Haxhia, me detyr\u00eb Drejtoresh\u00eb e Qendr\u00ebs s\u00eb Botimeve Zyrtare. Ata akuzohen [&hellip;]<\/p>\n","protected":false},"author":2013,"featured_media":85288,"comment_status":"open","ping_status":"closed","sticky":false,"template":"","format":"standard","meta":{"footnotes":""},"categories":[241,235],"tags":[],"class_list":{"0":"post-122664","1":"post","2":"type-post","3":"status-publish","4":"format-standard","5":"has-post-thumbnail","7":"category-aktualitet","8":"category-vendi"},"_links":{"self":[{"href":"https:\/\/zjarr.tv\/sq\/wp-json\/wp\/v2\/posts\/122664","targetHints":{"allow":["GET"]}}],"collection":[{"href":"https:\/\/zjarr.tv\/sq\/wp-json\/wp\/v2\/posts"}],"about":[{"href":"https:\/\/zjarr.tv\/sq\/wp-json\/wp\/v2\/types\/post"}],"author":[{"embeddable":true,"href":"https:\/\/zjarr.tv\/sq\/wp-json\/wp\/v2\/users\/2013"}],"replies":[{"embeddable":true,"href":"https:\/\/zjarr.tv\/sq\/wp-json\/wp\/v2\/comments?post=122664"}],"version-history":[{"count":0,"href":"https:\/\/zjarr.tv\/sq\/wp-json\/wp\/v2\/posts\/122664\/revisions"}],"wp:featuredmedia":[{"embeddable":true,"href":"https:\/\/zjarr.tv\/sq\/wp-json\/wp\/v2\/media\/85288"}],"wp:attachment":[{"href":"https:\/\/zjarr.tv\/sq\/wp-json\/wp\/v2\/media?parent=122664"}],"wp:term":[{"taxonomy":"category","embeddable":true,"href":"https:\/\/zjarr.tv\/sq\/wp-json\/wp\/v2\/categories?post=122664"},{"taxonomy":"post_tag","embeddable":true,"href":"https:\/\/zjarr.tv\/sq\/wp-json\/wp\/v2\/tags?post=122664"}],"curies":[{"name":"wp","href":"https:\/\/api.w.org\/{rel}","templated":true}]}}