{"id":122669,"date":"2020-02-24T16:39:32","date_gmt":"2020-02-24T15:39:32","guid":{"rendered":"https:\/\/zjarr.tv\/?p=122669"},"modified":"2020-02-24T16:39:32","modified_gmt":"2020-02-24T15:39:32","slug":"ishin-ne-itali-per-mjekim-kthehen-dy-te-mbijetuar-nga-termeti-i-26-nentorit","status":"publish","type":"post","link":"https:\/\/zjarr.tv\/sq\/ishin-ne-itali-per-mjekim-kthehen-dy-te-mbijetuar-nga-termeti-i-26-nentorit\/","title":{"rendered":"Ishin n\u00eb Itali p\u00ebr mjekim, kthehen dy t\u00eb mbijetuar nga t\u00ebrmeti i 26 n\u00ebntorit"},"content":{"rendered":"<p>Jan\u00eb kthyer nga Italia dy t\u00eb mbijetuar nga t\u00ebrmeti i 26 n\u00ebntorit. Albert Cara dhe Marlin Shkodra ishin n\u00eb Itali p\u00ebr mjekim. Albert Cara humbi familjen n\u00eb t\u00ebrmetin e 26 n\u00ebntorit.\u00a0 Cara humbi familjen n\u00eb t\u00ebrmetin e 26 n\u00ebntorit n\u00eb Thuman\u00eb. Marlin Shkodra \u00ebsht\u00eb nj\u00eb prej t\u00eb l\u00ebnduarve nga t\u00ebrmeti n\u00eb Durr\u00ebs.<\/p>\n<p>&nbsp;<\/p>\n","protected":false},"excerpt":{"rendered":"<p>Jan\u00eb kthyer nga Italia dy t\u00eb mbijetuar nga t\u00ebrmeti i 26 n\u00ebntorit. Albert Cara dhe Marlin Shkodra ishin n\u00eb Itali p\u00ebr mjekim. Albert Cara humbi familjen n\u00eb t\u00ebrmetin e 26 n\u00ebntorit.\u00a0 Cara humbi familjen n\u00eb t\u00ebrmetin e 26 n\u00ebntorit n\u00eb Thuman\u00eb. Marlin Shkodra \u00ebsht\u00eb nj\u00eb prej t\u00eb l\u00ebnduarve nga t\u00ebrmeti n\u00eb Durr\u00ebs. &nbsp;<\/p>\n","protected":false},"author":2013,"featured_media":38161,"comment_status":"open","ping_status":"closed","sticky":false,"template":"","format":"standard","meta":{"footnotes":""},"categories":[241,235],"tags":[],"class_list":{"0":"post-122669","1":"post","2":"type-post","3":"status-publish","4":"format-standard","5":"has-post-thumbnail","7":"category-aktualitet","8":"category-vendi"},"_links":{"self":[{"href":"https:\/\/zjarr.tv\/sq\/wp-json\/wp\/v2\/posts\/122669","targetHints":{"allow":["GET"]}}],"collection":[{"href":"https:\/\/zjarr.tv\/sq\/wp-json\/wp\/v2\/posts"}],"about":[{"href":"https:\/\/zjarr.tv\/sq\/wp-json\/wp\/v2\/types\/post"}],"author":[{"embeddable":true,"href":"https:\/\/zjarr.tv\/sq\/wp-json\/wp\/v2\/users\/2013"}],"replies":[{"embeddable":true,"href":"https:\/\/zjarr.tv\/sq\/wp-json\/wp\/v2\/comments?post=122669"}],"version-history":[{"count":0,"href":"https:\/\/zjarr.tv\/sq\/wp-json\/wp\/v2\/posts\/122669\/revisions"}],"wp:featuredmedia":[{"embeddable":true,"href":"https:\/\/zjarr.tv\/sq\/wp-json\/wp\/v2\/media\/38161"}],"wp:attachment":[{"href":"https:\/\/zjarr.tv\/sq\/wp-json\/wp\/v2\/media?parent=122669"}],"wp:term":[{"taxonomy":"category","embeddable":true,"href":"https:\/\/zjarr.tv\/sq\/wp-json\/wp\/v2\/categories?post=122669"},{"taxonomy":"post_tag","embeddable":true,"href":"https:\/\/zjarr.tv\/sq\/wp-json\/wp\/v2\/tags?post=122669"}],"curies":[{"name":"wp","href":"https:\/\/api.w.org\/{rel}","templated":true}]}}