{"id":122673,"date":"2020-02-24T16:42:01","date_gmt":"2020-02-24T15:42:01","guid":{"rendered":"https:\/\/zjarr.tv\/?p=122673"},"modified":"2020-02-24T16:42:01","modified_gmt":"2020-02-24T15:42:01","slug":"itali-emigranti-shqiptar-rezultoi-negativ-nga-koronavirusi","status":"publish","type":"post","link":"https:\/\/zjarr.tv\/sq\/itali-emigranti-shqiptar-rezultoi-negativ-nga-koronavirusi\/","title":{"rendered":"Itali, emigranti shqiptar rezultoi negativ nga koronavirusi"},"content":{"rendered":"<p>Ka rezultuar negativ nga \u00a0koronavirus nj\u00eb emigrant shqiptar, q\u00eb nj\u00eb nat\u00eb m\u00eb par\u00eb i \u00ebsht\u00eb n\u00ebnshtruar analizave mjek\u00ebsore i dyshuar si person i infektuar.<\/p>\n<p>Ai ka k\u00ebrkuar ndihm\u00eb mjek\u00ebsore n\u00eb spitalin e Avellinos \u00a0pas nj\u00eb q\u00ebndrimi prej disa dit\u00ebsh n\u00eb Verona , n\u00eb veri t\u00eb Italis\u00eb.<\/p>\n<p>Temperatur\u00eb e lart\u00eb e \u00a0kolla e fort\u00eb kan\u00eb \u00e7uar n\u00eb dyshimin e prekjes nga koronavirus.<\/p>\n<p>Stafi mjek\u00ebsor i spitalit t\u00eb Avellinos ka kryer t\u00eb gjitha ekzaminimet e rastit e fatmir\u00ebsisht shqiptari doli negativ. Diagnoza e tij ishte tonsile bakterike.<\/p>\n","protected":false},"excerpt":{"rendered":"<p>Ka rezultuar negativ nga \u00a0koronavirus nj\u00eb emigrant shqiptar, q\u00eb nj\u00eb nat\u00eb m\u00eb par\u00eb i \u00ebsht\u00eb n\u00ebnshtruar analizave mjek\u00ebsore i dyshuar si person i infektuar. Ai ka k\u00ebrkuar ndihm\u00eb mjek\u00ebsore n\u00eb spitalin e Avellinos \u00a0pas nj\u00eb q\u00ebndrimi prej disa dit\u00ebsh n\u00eb Verona , n\u00eb veri t\u00eb Italis\u00eb. Temperatur\u00eb e lart\u00eb e \u00a0kolla e fort\u00eb kan\u00eb \u00e7uar [&hellip;]<\/p>\n","protected":false},"author":2013,"featured_media":0,"comment_status":"open","ping_status":"closed","sticky":false,"template":"","format":"standard","meta":{"footnotes":""},"categories":[241,235],"tags":[],"class_list":{"0":"post-122673","1":"post","2":"type-post","3":"status-publish","4":"format-standard","6":"category-aktualitet","7":"category-vendi"},"_links":{"self":[{"href":"https:\/\/zjarr.tv\/sq\/wp-json\/wp\/v2\/posts\/122673","targetHints":{"allow":["GET"]}}],"collection":[{"href":"https:\/\/zjarr.tv\/sq\/wp-json\/wp\/v2\/posts"}],"about":[{"href":"https:\/\/zjarr.tv\/sq\/wp-json\/wp\/v2\/types\/post"}],"author":[{"embeddable":true,"href":"https:\/\/zjarr.tv\/sq\/wp-json\/wp\/v2\/users\/2013"}],"replies":[{"embeddable":true,"href":"https:\/\/zjarr.tv\/sq\/wp-json\/wp\/v2\/comments?post=122673"}],"version-history":[{"count":0,"href":"https:\/\/zjarr.tv\/sq\/wp-json\/wp\/v2\/posts\/122673\/revisions"}],"wp:attachment":[{"href":"https:\/\/zjarr.tv\/sq\/wp-json\/wp\/v2\/media?parent=122673"}],"wp:term":[{"taxonomy":"category","embeddable":true,"href":"https:\/\/zjarr.tv\/sq\/wp-json\/wp\/v2\/categories?post=122673"},{"taxonomy":"post_tag","embeddable":true,"href":"https:\/\/zjarr.tv\/sq\/wp-json\/wp\/v2\/tags?post=122673"}],"curies":[{"name":"wp","href":"https:\/\/api.w.org\/{rel}","templated":true}]}}