{"id":122682,"date":"2020-02-25T11:23:52","date_gmt":"2020-02-25T10:23:52","guid":{"rendered":"https:\/\/zjarr.tv\/?p=122682"},"modified":"2020-02-25T11:23:52","modified_gmt":"2020-02-25T10:23:52","slug":"lezhe-arrestohet-kryetari-i-dhomes-se-tregtise-dhe-industrise","status":"publish","type":"post","link":"https:\/\/zjarr.tv\/sq\/lezhe-arrestohet-kryetari-i-dhomes-se-tregtise-dhe-industrise\/","title":{"rendered":"Lezh\u00eb, arrestohet kryetari i Dhom\u00ebs s\u00eb Tregtis\u00eb dhe Industris\u00eb"},"content":{"rendered":"<p>N\u00eb qytetin e Lezh\u00ebs \u00ebsht\u00eb arrestuar kryetari i Dhom\u00ebs s\u00eb Tregtis\u00eb dhe Industris\u00eb, shtetasi Pashk Palokaj.<\/p>\n<p>Arrestimi i biznesmenit me urdh\u00ebr t\u00eb Prokuroris\u00eb pas hetimeve t\u00eb kryera p\u00ebr vdekjen e nj\u00eb pun\u00ebtori n\u00eb muajin gusht 2019 tek pallati q\u00eb ai po nd\u00ebrtonte n\u00eb lagjen \u201cB\u00ebs\u00eblidhja\u201d t\u00eb Lezh\u00ebs.<\/p>\n<p>Ai akuzohet p\u00ebr nd\u00ebrtim pa leje, mos zbatimi i rregullave t\u00eb siguris\u00eb n\u00eb pun\u00eb dhe pun\u00ebsim i paligjsh\u00ebm.<\/p>\n<p>N\u00eb p\u00ebrdit\u00ebsim&#8230;<\/p>\n","protected":false},"excerpt":{"rendered":"<p>N\u00eb qytetin e Lezh\u00ebs \u00ebsht\u00eb arrestuar kryetari i Dhom\u00ebs s\u00eb Tregtis\u00eb dhe Industris\u00eb, shtetasi Pashk Palokaj. Arrestimi i biznesmenit me urdh\u00ebr t\u00eb Prokuroris\u00eb pas hetimeve t\u00eb kryera p\u00ebr vdekjen e nj\u00eb pun\u00ebtori n\u00eb muajin gusht 2019 tek pallati q\u00eb ai po nd\u00ebrtonte n\u00eb lagjen \u201cB\u00ebs\u00eblidhja\u201d t\u00eb Lezh\u00ebs. Ai akuzohet p\u00ebr nd\u00ebrtim pa leje, mos zbatimi [&hellip;]<\/p>\n","protected":false},"author":2013,"featured_media":122683,"comment_status":"open","ping_status":"closed","sticky":false,"template":"","format":"standard","meta":{"footnotes":""},"categories":[241,235],"tags":[],"class_list":{"0":"post-122682","1":"post","2":"type-post","3":"status-publish","4":"format-standard","5":"has-post-thumbnail","7":"category-aktualitet","8":"category-vendi"},"_links":{"self":[{"href":"https:\/\/zjarr.tv\/sq\/wp-json\/wp\/v2\/posts\/122682","targetHints":{"allow":["GET"]}}],"collection":[{"href":"https:\/\/zjarr.tv\/sq\/wp-json\/wp\/v2\/posts"}],"about":[{"href":"https:\/\/zjarr.tv\/sq\/wp-json\/wp\/v2\/types\/post"}],"author":[{"embeddable":true,"href":"https:\/\/zjarr.tv\/sq\/wp-json\/wp\/v2\/users\/2013"}],"replies":[{"embeddable":true,"href":"https:\/\/zjarr.tv\/sq\/wp-json\/wp\/v2\/comments?post=122682"}],"version-history":[{"count":0,"href":"https:\/\/zjarr.tv\/sq\/wp-json\/wp\/v2\/posts\/122682\/revisions"}],"wp:featuredmedia":[{"embeddable":true,"href":"https:\/\/zjarr.tv\/sq\/wp-json\/wp\/v2\/media\/122683"}],"wp:attachment":[{"href":"https:\/\/zjarr.tv\/sq\/wp-json\/wp\/v2\/media?parent=122682"}],"wp:term":[{"taxonomy":"category","embeddable":true,"href":"https:\/\/zjarr.tv\/sq\/wp-json\/wp\/v2\/categories?post=122682"},{"taxonomy":"post_tag","embeddable":true,"href":"https:\/\/zjarr.tv\/sq\/wp-json\/wp\/v2\/tags?post=122682"}],"curies":[{"name":"wp","href":"https:\/\/api.w.org\/{rel}","templated":true}]}}