{"id":122685,"date":"2020-02-25T11:25:20","date_gmt":"2020-02-25T10:25:20","guid":{"rendered":"https:\/\/zjarr.tv\/?p=122685"},"modified":"2020-02-25T11:25:20","modified_gmt":"2020-02-25T10:25:20","slug":"lezhe-sherri-mes-ciftit-vajza-godet-me-thike-partnerin","status":"publish","type":"post","link":"https:\/\/zjarr.tv\/sq\/lezhe-sherri-mes-ciftit-vajza-godet-me-thike-partnerin\/","title":{"rendered":"Lezh\u00eb: Sherri mes \u00e7iftit, vajza godet me thik\u00eb partnerin"},"content":{"rendered":"<p>Nj\u00eb konflikt mes nj\u00eb \u00e7ifti t\u00eb rinjsh n\u00eb Lezh\u00eb ka p\u00ebrfunduar me plagosjen r\u00ebnd\u00eb t\u00eb nj\u00ebrit prej tyre.<\/p>\n<p>Ngjarja ka ndodhur dit\u00ebn e djeshme n\u00eb lagjen &#8220;Bes\u00eblidhja&#8221;, n\u00eb af\u00ebrsi t\u00eb shkollave.<\/p>\n<p>24-vje\u00e7are, F.M ka plagosur me thik\u00eb Anton Shytin, banues n\u00eb fshatin Barbulloj\u00eb, Lezh\u00eb, p\u00ebr motive ende t\u00eb paqarta.<\/p>\n<p>Burimet paraprake b\u00ebjn\u00eb me dije se i riu ka marr\u00eb plag\u00eb t\u00eb shumta n\u00eb trup dhe \u00ebsht\u00eb d\u00ebrguar me urgjenc\u00eb n\u00eb spitalin e Traum\u00ebs n\u00eb Tiran\u00eb.<\/p>\n<p>Policia dhe grupi hetimor po hetojn\u00eb shkaqet e k\u00ebsaj plagosje t\u00eb r\u00ebnd\u00eb.<\/p>\n<p>Specialist\u00ebt e Hetimit t\u00eb Krimit n\u00eb Komisariatin e Policis\u00eb Lezh\u00eb b\u00ebn\u00eb arrestimin n\u00eb flagranc\u00eb t\u00eb \u00a024 vje\u00e7ares, si dhe pro\u00e7eduan penalisht banorin e fshatit Barbulloj\u00eb, Lezh\u00eb<\/p>\n","protected":false},"excerpt":{"rendered":"<p>Nj\u00eb konflikt mes nj\u00eb \u00e7ifti t\u00eb rinjsh n\u00eb Lezh\u00eb ka p\u00ebrfunduar me plagosjen r\u00ebnd\u00eb t\u00eb nj\u00ebrit prej tyre. Ngjarja ka ndodhur dit\u00ebn e djeshme n\u00eb lagjen &#8220;Bes\u00eblidhja&#8221;, n\u00eb af\u00ebrsi t\u00eb shkollave. 24-vje\u00e7are, F.M ka plagosur me thik\u00eb Anton Shytin, banues n\u00eb fshatin Barbulloj\u00eb, Lezh\u00eb, p\u00ebr motive ende t\u00eb paqarta. Burimet paraprake b\u00ebjn\u00eb me dije se [&hellip;]<\/p>\n","protected":false},"author":2013,"featured_media":88389,"comment_status":"open","ping_status":"closed","sticky":false,"template":"","format":"standard","meta":{"footnotes":""},"categories":[241,235],"tags":[],"class_list":{"0":"post-122685","1":"post","2":"type-post","3":"status-publish","4":"format-standard","5":"has-post-thumbnail","7":"category-aktualitet","8":"category-vendi"},"_links":{"self":[{"href":"https:\/\/zjarr.tv\/sq\/wp-json\/wp\/v2\/posts\/122685","targetHints":{"allow":["GET"]}}],"collection":[{"href":"https:\/\/zjarr.tv\/sq\/wp-json\/wp\/v2\/posts"}],"about":[{"href":"https:\/\/zjarr.tv\/sq\/wp-json\/wp\/v2\/types\/post"}],"author":[{"embeddable":true,"href":"https:\/\/zjarr.tv\/sq\/wp-json\/wp\/v2\/users\/2013"}],"replies":[{"embeddable":true,"href":"https:\/\/zjarr.tv\/sq\/wp-json\/wp\/v2\/comments?post=122685"}],"version-history":[{"count":0,"href":"https:\/\/zjarr.tv\/sq\/wp-json\/wp\/v2\/posts\/122685\/revisions"}],"wp:featuredmedia":[{"embeddable":true,"href":"https:\/\/zjarr.tv\/sq\/wp-json\/wp\/v2\/media\/88389"}],"wp:attachment":[{"href":"https:\/\/zjarr.tv\/sq\/wp-json\/wp\/v2\/media?parent=122685"}],"wp:term":[{"taxonomy":"category","embeddable":true,"href":"https:\/\/zjarr.tv\/sq\/wp-json\/wp\/v2\/categories?post=122685"},{"taxonomy":"post_tag","embeddable":true,"href":"https:\/\/zjarr.tv\/sq\/wp-json\/wp\/v2\/tags?post=122685"}],"curies":[{"name":"wp","href":"https:\/\/api.w.org\/{rel}","templated":true}]}}