{"id":122688,"date":"2020-02-25T11:26:35","date_gmt":"2020-02-25T10:26:35","guid":{"rendered":"https:\/\/zjarr.tv\/?p=122688"},"modified":"2020-02-25T11:26:35","modified_gmt":"2020-02-25T10:26:35","slug":"a-do-ta-shperndaje-parlamentin-meta-do-te-jem-ne-sintoni-me-popullin","status":"publish","type":"post","link":"https:\/\/zjarr.tv\/sq\/a-do-ta-shperndaje-parlamentin-meta-do-te-jem-ne-sintoni-me-popullin\/","title":{"rendered":"A do ta shp\u00ebrndaj\u00eb parlamentin? Meta: Do t\u00eb jem n\u00eb sintoni me popullin"},"content":{"rendered":"<p>Presidenti i Republik\u00ebs Ilir Meta, i ftuar n\u00eb nj\u00eb intervist\u00eb p\u00ebr gazetarin Ilir Babaramo, duke folur p\u00ebr at\u00eb q\u00eb ai e quan \u201cpu\u00e7 kushtetutes\u201d, ngriti akuza edhe p\u00ebr implikimin e nd\u00ebrkomb\u00ebtar\u00ebve. Kreu i shtetit tha s\u00eb pari se ambasador\u00ebt dol\u00ebn jasht\u00eb statusit t\u00eb tyre diplomatik n\u00eb Shqip\u00ebri.<\/p>\n<p><strong>Nd\u00ebrkomb\u00ebtar\u00ebt t\u00eb implikuar n\u00eb \u201cpu\u00e7in Kushtetues\u201d<\/strong><\/p>\n<p><strong>Ilir Meta:<\/strong>\u00a0<em>Sepse ata dol\u00ebn jasht\u00eb statusit t\u00eb tyre diplomatik n\u00eb Republik\u00ebn e Shqip\u00ebris\u00eb. Mendo sikur ambasadorja e Shqip\u00ebris\u00eb n\u00eb Rom\u00eb t\u00eb vinte n\u00eb diskutim dekretin e Presidentit t\u00eb Italis\u00eb! Do ta kishin paketuar, ambalazhuar, si\u00e7 paketohen ato pla\u00e7kat q\u00eb sillen me DHL, dhe p\u00ebr 24 or\u00eb e kishe n\u00eb Rinas. Megjithat\u00eb, ata e b\u00ebn\u00eb k\u00ebt\u00eb gj\u00eb, edhe pse un\u00eb, u thash\u00eb q\u00eb kjo nuk \u00ebsht\u00eb k\u00ebrkes\u00eb p\u00ebr Venecian se, \u00ebsht\u00eb qesharake. Mund t\u00eb ndodh\u00eb q\u00eb Presidenti dhe shumica n\u00eb Parlament t\u00eb jen\u00eb t\u00eb nj\u00eb linje politike dhe t\u2019i plot\u00ebsojn\u00eb t\u00eb 6 vendet me nj\u00ebher\u00eb dhe b\u00ebjn\u00eb kuorumin, rimarrin \u00e7do gj\u00eb, mbarojn\u00eb pun\u00eb.\u00a0<\/em><\/p>\n<p><em>N\u00eb Gjykat\u00ebn Kushtetuese nuk ke as mendim oponent, p\u00ebrb\u00ebn nj\u00eb rrezik kapja politike e Gjykat\u00ebs Kushtetuese. Kjo ka qen\u00eb dhe \u00ebsht\u00eb shum\u00eb e qart\u00eb, kjo \u00ebsht\u00eb dhe arsyeja pse ata nuk e prit\u00ebn Venecian. Ata, e k\u00ebrkuan gjoja Venecian, p\u00ebr t\u00eb relativizuar p\u00ebrgjegj\u00ebsit\u00eb penale t\u00eb Dvoranit se ai, nuk \u00ebsht\u00eb vet\u00ebm ai, ka b\u00ebr\u00eb bashk\u00ebpun\u00ebtor\u00eb t\u00eb shumt\u00eb. Ja dol\u00ebn disa bashk\u00ebpun\u00ebtor\u00eb, por do dalin dhe t\u00eb tjer\u00eb. Kam dyshime, q\u00eb p\u00ebr fat t\u00eb keq do dalin dhe bashk\u00ebpun\u00ebtor\u00eb nd\u00ebrkomb\u00ebtar\u00eb. M\u00eb k\u00ebt\u00eb akt dhe tentativ\u00eb t\u00eb past\u00ebr t\u00eb grushtit t\u00eb shtetit.<\/em><\/p>\n<p>I pyetur n\u00ebse qytetar\u00ebt n\u00eb 2 mars do t\u00eb k\u00ebrkojn\u00eb t\u00eb \u201cshp\u00ebrndani parlamentin\u201d, Presidenti Ilir Meta nuk dha nj p\u00ebrgjigje t\u00eb drejtp\u00ebrdrejt. Megjithat\u00eb, ai u shpreh se Presidenti i Republik\u00ebs do t\u00eb jet\u00eb n\u00eb sintoni t\u00eb plot\u00eb me qytetar\u00ebt, duke \u201cb\u00ebr\u00eb detyr\u00ebn p\u00ebr rivendosjen e rendit kushtetues\u201d.<\/p>\n<p><strong>A do ta shp\u00ebrndaj\u00eb Presidenti parlamentin n\u00ebse e k\u00ebrkojn\u00eb qytetar\u00ebt?<\/strong><\/p>\n<p><strong>Ilir Meta:<\/strong><em>Un\u00eb jam i sigurt q\u00eb do t\u00eb jemi n\u00eb nj\u00eb sintoni t\u00eb plot\u00eb me qytetar\u00ebt. E r\u00ebnd\u00ebsishme \u00ebsht\u00eb n\u00ebse ata pranojn\u00eb apo nuk pranojn\u00eb m\u00eb, q\u00eb nj\u00eb grup pu\u00e7ist\u00ebsh t\u00eb rr\u00ebmbejn\u00eb \u00e7do t\u00eb drejt\u00eb t\u00eb tyre kushtetuese dhe njer\u00ebzore, t\u00eb liris\u00eb s\u00eb tyre, t\u00eb llogaridh\u00ebnies n\u00eb k\u00ebt\u00eb vend para tyre, q\u00eb paguajn\u00eb taksat edhe q\u00eb paguajn\u00eb borxhet q\u00eb po shkon n\u00eb stratosfer\u00eb.<\/em><\/p>\n<p><em>Dhe absolutisht t\u00eb jen\u00eb t\u00eb sigurt se Presidenti i Republik\u00ebs do t\u00eb b\u00ebj\u00eb detyr\u00ebn e tij n\u00eb m\u00ebnyr\u00ebn m\u00eb shembullore p\u00ebr rivendosjen e rendit kushtetues dhe do t&#8217;i k\u00ebrkoj\u00eb t\u00eb gjith\u00ebve t\u00eb b\u00ebjn\u00eb detyr\u00ebn e tyre, t\u00eb gjith\u00eb aktor\u00ebve t\u00eb tjer\u00eb. K\u00ebtu nuk mund t\u2019i shmangemi dot k\u00ebsaj historie. Jemi n\u00eb nj\u00eb p\u00ebrballje finale me pu\u00e7ist\u00ebt, nuk ka tem\u00eb tjet\u00ebr m\u00eb t\u00eb r\u00ebnd\u00ebsishme n\u00eb Shqip\u00ebri deri n\u00eb momentin q\u00eb do t\u00eb zgjidhim k\u00ebt\u00eb \u00e7\u00ebshtje.<\/em><\/p>\n<p>Gjat\u00eb intervist\u00ebs s\u00eb tij, Presidenti Ilir Meta ngriti akuza edhe p\u00ebr shpopullimin e Shqip\u00ebris\u00eb. Sipas tij, nj\u00eb organizat\u00eb nd\u00ebrkomb\u00ebtare, emrin e t\u00eb cil\u00ebs nuk e p\u00ebrmendi, po k\u00ebrkon shpopullimin e vendit.<\/p>\n<p><strong>Ilir Meta:<\/strong>\u00a0<em>P\u00ebr ata t\u00eb cil\u00ebt k\u00ebrkojn\u00eb t\u00eb zhdukin demokracin\u00eb, llogaridh\u00ebnien n\u00eb k\u00ebt\u00eb vend me q\u00ebllim q\u00eb t\u2019ia dor\u00ebzojm\u00eb sovranitetin e k\u00ebtij vendi nj\u00eb organizate nd\u00ebrkomb\u00ebtare e cila ka synuar dhe synon shpopullimin e Shqip\u00ebris\u00eb p\u00ebrmes k\u00ebsaj bande p\u00ebr fat t\u00eb keq, nuk do t\u00eb ket\u00eb asnj\u00eb toleranc\u00eb.<\/em><\/p>\n","protected":false},"excerpt":{"rendered":"<p>Presidenti i Republik\u00ebs Ilir Meta, i ftuar n\u00eb nj\u00eb intervist\u00eb p\u00ebr gazetarin Ilir Babaramo, duke folur p\u00ebr at\u00eb q\u00eb ai e quan \u201cpu\u00e7 kushtetutes\u201d, ngriti akuza edhe p\u00ebr implikimin e nd\u00ebrkomb\u00ebtar\u00ebve. Kreu i shtetit tha s\u00eb pari se ambasador\u00ebt dol\u00ebn jasht\u00eb statusit t\u00eb tyre diplomatik n\u00eb Shqip\u00ebri. Nd\u00ebrkomb\u00ebtar\u00ebt t\u00eb implikuar n\u00eb \u201cpu\u00e7in Kushtetues\u201d Ilir Meta:\u00a0Sepse [&hellip;]<\/p>\n","protected":false},"author":2013,"featured_media":99906,"comment_status":"open","ping_status":"closed","sticky":false,"template":"","format":"standard","meta":{"footnotes":""},"categories":[241,235],"tags":[],"class_list":{"0":"post-122688","1":"post","2":"type-post","3":"status-publish","4":"format-standard","5":"has-post-thumbnail","7":"category-aktualitet","8":"category-vendi"},"_links":{"self":[{"href":"https:\/\/zjarr.tv\/sq\/wp-json\/wp\/v2\/posts\/122688","targetHints":{"allow":["GET"]}}],"collection":[{"href":"https:\/\/zjarr.tv\/sq\/wp-json\/wp\/v2\/posts"}],"about":[{"href":"https:\/\/zjarr.tv\/sq\/wp-json\/wp\/v2\/types\/post"}],"author":[{"embeddable":true,"href":"https:\/\/zjarr.tv\/sq\/wp-json\/wp\/v2\/users\/2013"}],"replies":[{"embeddable":true,"href":"https:\/\/zjarr.tv\/sq\/wp-json\/wp\/v2\/comments?post=122688"}],"version-history":[{"count":0,"href":"https:\/\/zjarr.tv\/sq\/wp-json\/wp\/v2\/posts\/122688\/revisions"}],"wp:featuredmedia":[{"embeddable":true,"href":"https:\/\/zjarr.tv\/sq\/wp-json\/wp\/v2\/media\/99906"}],"wp:attachment":[{"href":"https:\/\/zjarr.tv\/sq\/wp-json\/wp\/v2\/media?parent=122688"}],"wp:term":[{"taxonomy":"category","embeddable":true,"href":"https:\/\/zjarr.tv\/sq\/wp-json\/wp\/v2\/categories?post=122688"},{"taxonomy":"post_tag","embeddable":true,"href":"https:\/\/zjarr.tv\/sq\/wp-json\/wp\/v2\/tags?post=122688"}],"curies":[{"name":"wp","href":"https:\/\/api.w.org\/{rel}","templated":true}]}}