{"id":122702,"date":"2020-02-25T14:03:41","date_gmt":"2020-02-25T13:03:41","guid":{"rendered":"https:\/\/zjarr.tv\/?p=122702"},"modified":"2020-02-25T14:03:41","modified_gmt":"2020-02-25T13:03:41","slug":"nga-hamdi-skeja-leter-ministrise-se-arsimit-ministres-besa-shahini","status":"publish","type":"post","link":"https:\/\/zjarr.tv\/sq\/nga-hamdi-skeja-leter-ministrise-se-arsimit-ministres-besa-shahini\/","title":{"rendered":"Nga Hamdi Skeja\/ Let\u00ebr Ministris\u00eb s\u00eb Arsimit, Ministres Besa Shahini !"},"content":{"rendered":"<p>Let\u00ebr Ministris\u00eb s\u00eb Arsimit, Ministres\u00a0Besa Shahini\u00a0!<br \/>\nUn\u00eb q\u00eb po ju shkruaj jam qytetar i k\u00ebsaj Republike ku jetoni edhe Ju ! Ti q\u00eb mbyll shkolla , p\u00ebrpara q\u00eb ti mbyll\u00ebsh duhet t\u00eb verifikosh se kush ka mbetur pa arsim pas termetit.<br \/>\nPara 1 vit e ca muaj mora vendimin t\u00eb shp\u00ebrngul\u00ebsha n\u00eb qytetin e Durr\u00ebsit, nj\u00eb nder arsyet kryesore dhe madhore , ishte sh\u00ebndeti dhe sh\u00ebrbimi p\u00ebr djalin tim, Aldon 7 vje\u00e7 e ca muaj.<br \/>\nArrita ta rregjistroja n\u00eb shkoll\u00eb (parashkollor\u00eb) . E regjistrova edhe n\u00eb nj\u00eb qender rehabilitimi, aty ku merrte edhe sh\u00ebrbime si : Fizioterapi, logoterapi dhe psikologji.<br \/>\nMir\u00eb po ecte derisa sht\u00ebpin\u00eb q\u00eb jetoja me Qera e prishi termeti. Jo vetem kaq , por edhe m\u00eb nxor\u00ebn nga hoteli p\u00ebr kat\u00ebr (4 ) dit\u00eb.<br \/>\nNga ajo koh\u00eb e deri sot , q\u00eb un\u00eb jetoj n\u00eb Kamez djali im nuk merr asnj\u00eb sh\u00ebrbim (Ata q\u00eb p\u00ebrmenda m\u00eb sip\u00ebr)<br \/>\nDua t\u00eb di se p\u00ebrse nuk jeni interesuar gjat\u00eb k\u00ebsaj kohe se; \u00e7far\u00eb u b\u00eb me k\u00ebt\u00eb f\u00ebmij\u00eb?<\/p>\n<p>Sepse , n\u00eb kushtetut\u00ebn Republike t\u00eb Shqip\u00ebris\u00eb thuhet k\u00ebshtu nga neni 3 deri n\u00eb 5<\/p>\n<p>\u201cSistemi arsimor parauniversitar ka p\u00ebr q\u00ebllim formimin e \u00e7do individi, n\u00eb m\u00ebnyr\u00eb q\u00eb t\u00eb p\u00ebrballoj\u00eb sfidat e s\u00eb ardhmes, t\u00eb jet\u00eb i p\u00ebrgjegjsh\u00ebm p\u00ebr familjen, shoq\u00ebrin\u00eb e kombin dhe n\u00eb m\u00ebnyr\u00eb t\u00eb ve\u00e7ant\u00eb:<br \/>\na) t\u00eb njoh\u00eb, t\u00eb respektoj\u00eb, t\u00eb mbroj\u00eb identitetin komb\u00ebtar e t\u00eb zhvilloj\u00eb trash\u00ebgimin\u00eb dhe diversitetin ton\u00eb kulturor;<\/p>\n<p>b) t\u00eb zhvillohet n\u00eb aspektin etik, intelektual, fizik, social dhe estetik, t\u00eb jet\u00eb i aft\u00eb t\u00eb mendoj\u00eb n\u00eb m\u00ebnyr\u00eb t\u00eb pavarur, kritike e krijuese, t\u2019u p\u00ebrshtatet ndryshimeve, t\u00eb ket\u00eb vet\u00ebbesim e shpirt bashk\u00ebpunimi, t\u00eb jet\u00eb i gatsh\u00ebm t\u00eb ofroj\u00eb ndihmes\u00ebn e tij p\u00ebr mir\u00ebqenien, p\u00ebrparimin, lirin\u00eb e demokracin\u00eb;<br \/>\nc) t\u00eb ket\u00eb bindjen e thell\u00eb se drejt\u00ebsia, paqja, harmonia, bashk\u00ebpunimi dhe respekti p\u00ebr t\u00eb tjer\u00ebt jan\u00eb vlerat m\u00eb t\u00eb larta njer\u00ebzore;<br \/>\n\u00e7) t\u00eb njoh\u00eb dhe t\u00eb respektoj\u00eb traditat e popujve t\u00eb tjer\u00eb;<br \/>\nd) t\u00eb nd\u00ebrgjegj\u00ebsohet p\u00ebr t\u00eb p\u00ebrmbushur p\u00ebrgjegj\u00ebsit\u00eb e tij p\u00ebr mbrojtjen e mjedisit.<br \/>\nNeni 4<br \/>\nKuadri rregullator dhe mb\u00ebshtet\u00ebs i sistemit arsimor<br \/>\nSistemi arsimor parauniversitar mb\u00ebshtetet n\u00eb tradit\u00ebn e arsimit shqiptar, funksionon n\u00eb p\u00ebrputhje me Kushtetut\u00ebn e Republik\u00ebs s\u00eb Shqip\u00ebris\u00eb, legjislacionin shqiptar n\u00eb fuqi dhe zhvillohet sipas vlerave t\u00eb p\u00ebrbashk\u00ebta t\u00eb sistemeve arsimore bashk\u00ebkohore.<br \/>\nNeni 5<br \/>\nE drejta p\u00ebr arsimim<br \/>\n1. N\u00eb Republik\u00ebn e Shqip\u00ebris\u00eb garantohet e drejta p\u00ebr arsimimin e shtetasve shqiptar\u00eb, t\u00eb huaj dhe personave pa shtet\u00ebsi, pa u diskriminuar nga gjinia, raca, ngjyra, etnia, gjuha, orientimi seksual, bindjet politike ose fetare, gjendja, ekonomike apo sociale, mosha, vendbanimi, aft\u00ebsia e kufizuar ose p\u00ebr arsye t\u00eb tjera q\u00eb p\u00ebrcaktohen n\u00eb legjislacionin shqiptar.<br \/>\n2. N\u00eb shkollat publike arsimi i detyruesh\u00ebm dhe arsimi i mes\u00ebm i lart\u00eb jan\u00eb falas.<\/p>\n<p>Kush e ka shkelur Kushtetut\u00ebn k\u00ebtu ? Un\u00eb q\u00eb m\u00eb \u00ebsht\u00eb mohuar e drejta e tim biri , apo ju q\u00eb nuk jeni interesuar?!<\/p>\n<p>Si duhet ta zgjidhim k\u00ebt\u00eb?!<br \/>\nUn\u00eb e meritoj nj\u00eb p\u00ebrgjigje , e meritoj si qytetar, si takspagues, por edhe si njeri dhe baba !<br \/>\nBabai i Aldos ,<br \/>\nHamdi Skeja !<\/p>\n","protected":false},"excerpt":{"rendered":"<p>Let\u00ebr Ministris\u00eb s\u00eb Arsimit, Ministres\u00a0Besa Shahini\u00a0! Un\u00eb q\u00eb po ju shkruaj jam qytetar i k\u00ebsaj Republike ku jetoni edhe Ju ! Ti q\u00eb mbyll shkolla , p\u00ebrpara q\u00eb ti mbyll\u00ebsh duhet t\u00eb verifikosh se kush ka mbetur pa arsim pas termetit. Para 1 vit e ca muaj mora vendimin t\u00eb shp\u00ebrngul\u00ebsha n\u00eb qytetin e Durr\u00ebsit, [&hellip;]<\/p>\n","protected":false},"author":2013,"featured_media":0,"comment_status":"open","ping_status":"closed","sticky":false,"template":"","format":"standard","meta":{"footnotes":""},"categories":[241,235],"tags":[],"class_list":{"0":"post-122702","1":"post","2":"type-post","3":"status-publish","4":"format-standard","6":"category-aktualitet","7":"category-vendi"},"_links":{"self":[{"href":"https:\/\/zjarr.tv\/sq\/wp-json\/wp\/v2\/posts\/122702","targetHints":{"allow":["GET"]}}],"collection":[{"href":"https:\/\/zjarr.tv\/sq\/wp-json\/wp\/v2\/posts"}],"about":[{"href":"https:\/\/zjarr.tv\/sq\/wp-json\/wp\/v2\/types\/post"}],"author":[{"embeddable":true,"href":"https:\/\/zjarr.tv\/sq\/wp-json\/wp\/v2\/users\/2013"}],"replies":[{"embeddable":true,"href":"https:\/\/zjarr.tv\/sq\/wp-json\/wp\/v2\/comments?post=122702"}],"version-history":[{"count":0,"href":"https:\/\/zjarr.tv\/sq\/wp-json\/wp\/v2\/posts\/122702\/revisions"}],"wp:attachment":[{"href":"https:\/\/zjarr.tv\/sq\/wp-json\/wp\/v2\/media?parent=122702"}],"wp:term":[{"taxonomy":"category","embeddable":true,"href":"https:\/\/zjarr.tv\/sq\/wp-json\/wp\/v2\/categories?post=122702"},{"taxonomy":"post_tag","embeddable":true,"href":"https:\/\/zjarr.tv\/sq\/wp-json\/wp\/v2\/tags?post=122702"}],"curies":[{"name":"wp","href":"https:\/\/api.w.org\/{rel}","templated":true}]}}