{"id":122705,"date":"2020-02-25T14:06:57","date_gmt":"2020-02-25T13:06:57","guid":{"rendered":"https:\/\/zjarr.tv\/?p=122705"},"modified":"2020-02-25T14:06:57","modified_gmt":"2020-02-25T13:06:57","slug":"cakaj-merret-vendimi-per-hapjen-e-konsullates-se-pergjithshme-ne-struge","status":"publish","type":"post","link":"https:\/\/zjarr.tv\/sq\/cakaj-merret-vendimi-per-hapjen-e-konsullates-se-pergjithshme-ne-struge\/","title":{"rendered":"Cakaj: Merret vendimi p\u00ebr hapjen e Konsullat\u00ebs s\u00eb P\u00ebrgjithshme n\u00eb Strug\u00eb"},"content":{"rendered":"<p>K\u00ebshilli i Ministrave t\u00eb Republik\u00ebs s\u00eb Shqip\u00ebris\u00eb ka marr\u00eb vendim p\u00ebr hapjen e Konsullat\u00ebs s\u00eb P\u00ebrgjithshme n\u00eb Strug\u00eb, n\u00eb Maqedonin\u00eb e Veriut. Lajmin e b\u00ebri t\u00eb ditur Ministri n\u00eb detyr\u00eb p\u00ebr Evrop\u00ebn dhe Pun\u00ebt e Jashtme, Gent Cakaj, n\u00eb nj\u00eb postim n\u00eb rrjetin e tij n\u00eb Facebook.<\/p>\n<p>Cakaj theksoi n\u00eb postim, se ky vendim \u00ebsht\u00eb n\u00eb p\u00ebrputhje me planin p\u00ebr t\u00eb thelluar marr\u00ebdh\u00ebnien e shtuar nd\u00ebrveprimin me shqiptar\u00ebt n\u00eb rajon. Rrethi konsullor i k\u00ebsaj qendre do t\u00eb p\u00ebrfshij\u00eb Strug\u00ebn, Ohrin, Manastirin, K\u00ebr\u00e7ov\u00ebn, Dibr\u00ebn, Gjevgjelin\u00eb, Resnj\u00ebn\/ rajoni liqeni i Presp\u00ebs.<\/p>\n<p>Kjo konsullat\u00eb do t\u00eb ket\u00eb rol t\u00eb ve\u00e7ant\u00eb edhe n\u00eb nxitjen e m\u00ebtejme t\u00eb marr\u00ebdh\u00ebnieve ekonomike, shoq\u00ebrore e kulturore mes tyre dhe Republik\u00ebs s\u00eb Shqip\u00ebris\u00eb.<\/p>\n<p>\u201cNe do t\u00eb vazhdojm\u00eb me marrjen e masave t\u00eb reja n\u00eb sh\u00ebrbim t\u00eb forcimit t\u00eb lidhjeve me shqiptar\u00ebt dhe lart\u00ebsimit t\u00eb faktorit shqiptar n\u00eb rajon!\u201d- siguroi Kryediplomati n\u00eb p\u00ebrfundim t\u00eb reagimit t\u00eb tij.<\/p>\n","protected":false},"excerpt":{"rendered":"<p>K\u00ebshilli i Ministrave t\u00eb Republik\u00ebs s\u00eb Shqip\u00ebris\u00eb ka marr\u00eb vendim p\u00ebr hapjen e Konsullat\u00ebs s\u00eb P\u00ebrgjithshme n\u00eb Strug\u00eb, n\u00eb Maqedonin\u00eb e Veriut. Lajmin e b\u00ebri t\u00eb ditur Ministri n\u00eb detyr\u00eb p\u00ebr Evrop\u00ebn dhe Pun\u00ebt e Jashtme, Gent Cakaj, n\u00eb nj\u00eb postim n\u00eb rrjetin e tij n\u00eb Facebook. Cakaj theksoi n\u00eb postim, se ky vendim \u00ebsht\u00eb [&hellip;]<\/p>\n","protected":false},"author":2013,"featured_media":107544,"comment_status":"open","ping_status":"closed","sticky":false,"template":"","format":"standard","meta":{"footnotes":""},"categories":[241,235],"tags":[],"class_list":{"0":"post-122705","1":"post","2":"type-post","3":"status-publish","4":"format-standard","5":"has-post-thumbnail","7":"category-aktualitet","8":"category-vendi"},"_links":{"self":[{"href":"https:\/\/zjarr.tv\/sq\/wp-json\/wp\/v2\/posts\/122705","targetHints":{"allow":["GET"]}}],"collection":[{"href":"https:\/\/zjarr.tv\/sq\/wp-json\/wp\/v2\/posts"}],"about":[{"href":"https:\/\/zjarr.tv\/sq\/wp-json\/wp\/v2\/types\/post"}],"author":[{"embeddable":true,"href":"https:\/\/zjarr.tv\/sq\/wp-json\/wp\/v2\/users\/2013"}],"replies":[{"embeddable":true,"href":"https:\/\/zjarr.tv\/sq\/wp-json\/wp\/v2\/comments?post=122705"}],"version-history":[{"count":0,"href":"https:\/\/zjarr.tv\/sq\/wp-json\/wp\/v2\/posts\/122705\/revisions"}],"wp:featuredmedia":[{"embeddable":true,"href":"https:\/\/zjarr.tv\/sq\/wp-json\/wp\/v2\/media\/107544"}],"wp:attachment":[{"href":"https:\/\/zjarr.tv\/sq\/wp-json\/wp\/v2\/media?parent=122705"}],"wp:term":[{"taxonomy":"category","embeddable":true,"href":"https:\/\/zjarr.tv\/sq\/wp-json\/wp\/v2\/categories?post=122705"},{"taxonomy":"post_tag","embeddable":true,"href":"https:\/\/zjarr.tv\/sq\/wp-json\/wp\/v2\/tags?post=122705"}],"curies":[{"name":"wp","href":"https:\/\/api.w.org\/{rel}","templated":true}]}}