{"id":122707,"date":"2020-02-25T14:09:55","date_gmt":"2020-02-25T13:09:55","guid":{"rendered":"https:\/\/zjarr.tv\/?p=122707"},"modified":"2020-02-25T14:09:55","modified_gmt":"2020-02-25T13:09:55","slug":"padia-e-beqajt-per-mandatin-e-2009-strasburgu-i-kerkon-llogari-shtetit-shqiptar","status":"publish","type":"post","link":"https:\/\/zjarr.tv\/sq\/padia-e-beqajt-per-mandatin-e-2009-strasburgu-i-kerkon-llogari-shtetit-shqiptar\/","title":{"rendered":"Padia e Beqajt p\u00ebr mandatin e 2009, Strasburgu i k\u00ebrkon \u201cllogari\u201d shtetit shqiptar"},"content":{"rendered":"<p>Gjykata e Strasburgut i ka d\u00ebrguar disa pyetje shtetit shqiptar, n\u00eb lidhje me padin\u00eb q\u00eb Ilir Beqaj b\u00ebri ndaj pasi iu hoq mandati i deputetit n\u00eb vitin 2009. Gjykata e Strasburgu ngre disa pyetje, ku i k\u00ebrkon shtetit shqiptar t\u00eb informoj\u00eb n\u00ebse ka pasur shkelje t\u00eb s\u00eb drejt\u00ebs s\u00eb aplikantit?<\/p>\n<p>N\u00ebse ishte i ligjsh\u00ebm vendimi i Parlamentit p\u00ebr t\u00eb b\u00ebr\u00eb nj\u00eb k\u00ebrkes\u00eb referimi n\u00eb Gjykat\u00ebn Kushtetuese? N\u00ebse ishte i parashikuesh\u00ebm interpretimi i Gjykat\u00ebs Kushtetuese? Dhe n\u00ebse Gjykata Kushtetuese dha arsye t\u00eb mjaftuese se k\u00ebrkuesi kishte shkelur nenin 70 t\u00eb Kushtetut\u00ebs?<\/p>\n<p>P\u00ebr t\u00eb gjitha k\u00ebto pyetje, pala shqiptare duhet t\u00eb d\u00ebrgoj\u00eb informacion n\u00eb Strasburg, pas padis\u00eb q\u00eb Ilir Beqaj b\u00ebri n\u00eb k\u00ebt\u00eb gjykat\u00eb n\u00eb prill t\u00eb vitit 2012. Atij iu hoq mandati nga KQZ, pasi u vrejt se Ilri Beqaj kishte konflikt interesi, pasi u pretendua se ish-deputeti kishte p\u00ebrfituar nj\u00eb tender publik nd\u00ebrkoh\u00eb q\u00eb ishte shpallur fitues si deputet n\u00eb zgjedhjet e vitit 2009.<\/p>\n","protected":false},"excerpt":{"rendered":"<p>Gjykata e Strasburgut i ka d\u00ebrguar disa pyetje shtetit shqiptar, n\u00eb lidhje me padin\u00eb q\u00eb Ilir Beqaj b\u00ebri ndaj pasi iu hoq mandati i deputetit n\u00eb vitin 2009. Gjykata e Strasburgu ngre disa pyetje, ku i k\u00ebrkon shtetit shqiptar t\u00eb informoj\u00eb n\u00ebse ka pasur shkelje t\u00eb s\u00eb drejt\u00ebs s\u00eb aplikantit? N\u00ebse ishte i ligjsh\u00ebm vendimi [&hellip;]<\/p>\n","protected":false},"author":2013,"featured_media":122708,"comment_status":"open","ping_status":"closed","sticky":false,"template":"","format":"standard","meta":{"footnotes":""},"categories":[241,235],"tags":[],"class_list":{"0":"post-122707","1":"post","2":"type-post","3":"status-publish","4":"format-standard","5":"has-post-thumbnail","7":"category-aktualitet","8":"category-vendi"},"_links":{"self":[{"href":"https:\/\/zjarr.tv\/sq\/wp-json\/wp\/v2\/posts\/122707","targetHints":{"allow":["GET"]}}],"collection":[{"href":"https:\/\/zjarr.tv\/sq\/wp-json\/wp\/v2\/posts"}],"about":[{"href":"https:\/\/zjarr.tv\/sq\/wp-json\/wp\/v2\/types\/post"}],"author":[{"embeddable":true,"href":"https:\/\/zjarr.tv\/sq\/wp-json\/wp\/v2\/users\/2013"}],"replies":[{"embeddable":true,"href":"https:\/\/zjarr.tv\/sq\/wp-json\/wp\/v2\/comments?post=122707"}],"version-history":[{"count":0,"href":"https:\/\/zjarr.tv\/sq\/wp-json\/wp\/v2\/posts\/122707\/revisions"}],"wp:featuredmedia":[{"embeddable":true,"href":"https:\/\/zjarr.tv\/sq\/wp-json\/wp\/v2\/media\/122708"}],"wp:attachment":[{"href":"https:\/\/zjarr.tv\/sq\/wp-json\/wp\/v2\/media?parent=122707"}],"wp:term":[{"taxonomy":"category","embeddable":true,"href":"https:\/\/zjarr.tv\/sq\/wp-json\/wp\/v2\/categories?post=122707"},{"taxonomy":"post_tag","embeddable":true,"href":"https:\/\/zjarr.tv\/sq\/wp-json\/wp\/v2\/tags?post=122707"}],"curies":[{"name":"wp","href":"https:\/\/api.w.org\/{rel}","templated":true}]}}