{"id":122710,"date":"2020-02-25T14:11:40","date_gmt":"2020-02-25T13:11:40","guid":{"rendered":"https:\/\/zjarr.tv\/?p=122710"},"modified":"2020-02-25T14:11:40","modified_gmt":"2020-02-25T13:11:40","slug":"ndryshime-ne-polici-ikin-shefat-e-disa-komisariateve","status":"publish","type":"post","link":"https:\/\/zjarr.tv\/sq\/ndryshime-ne-polici-ikin-shefat-e-disa-komisariateve\/","title":{"rendered":"Ndryshime n\u00eb polici\/ Ikin shefat e disa komisariateve"},"content":{"rendered":"<p>Ndryshime n\u00eb disa prej komisariateve m\u00eb t\u00eb r\u00ebnd\u00ebsishme n\u00eb vend. Drejtori i P\u00ebrgjithsh\u00ebm i Policis\u00eb s\u00eb Shtetit, Ardi Veliu ka urdh\u00ebruar sot l\u00ebvizjen e disa shefave t\u00eb komisariateve t\u00eb r\u00ebnd\u00ebsishme n\u00eb Shqip\u00ebri. Jan\u00eb ndryshuar shefat e komisariateve t\u00eb Durr\u00ebsit, Elbasanit, Vlor\u00ebs dhe Shijakut.<\/p>\n<p>N\u00eb Vlor\u00eb deri tani m\u00ebsohet se Oliti Zeqo do t\u00eb z\u00ebvend\u00ebsohet nga Mond Pjetri.<\/p>\n<p>Kurse n\u00eb Elbasan shkon Ermal Lila teksa do t\u00eb z\u00ebvend\u00ebsoj\u00eb Faik Rukon.<\/p>\n<p>Emiliano Pashai nga Elbasani do t\u00eb em\u00ebrohet shef n\u00eb Shijak dhe z\u00ebvend\u00ebson Arben Alikon i cili ika shkuar shef Sektori ne Drejtorin\u00eb e Policis\u00eb Durr\u00ebs.<\/p>\n","protected":false},"excerpt":{"rendered":"<p>Ndryshime n\u00eb disa prej komisariateve m\u00eb t\u00eb r\u00ebnd\u00ebsishme n\u00eb vend. Drejtori i P\u00ebrgjithsh\u00ebm i Policis\u00eb s\u00eb Shtetit, Ardi Veliu ka urdh\u00ebruar sot l\u00ebvizjen e disa shefave t\u00eb komisariateve t\u00eb r\u00ebnd\u00ebsishme n\u00eb Shqip\u00ebri. Jan\u00eb ndryshuar shefat e komisariateve t\u00eb Durr\u00ebsit, Elbasanit, Vlor\u00ebs dhe Shijakut. N\u00eb Vlor\u00eb deri tani m\u00ebsohet se Oliti Zeqo do t\u00eb z\u00ebvend\u00ebsohet nga [&hellip;]<\/p>\n","protected":false},"author":2013,"featured_media":65949,"comment_status":"open","ping_status":"closed","sticky":false,"template":"","format":"standard","meta":{"footnotes":""},"categories":[241,235],"tags":[],"class_list":{"0":"post-122710","1":"post","2":"type-post","3":"status-publish","4":"format-standard","5":"has-post-thumbnail","7":"category-aktualitet","8":"category-vendi"},"_links":{"self":[{"href":"https:\/\/zjarr.tv\/sq\/wp-json\/wp\/v2\/posts\/122710","targetHints":{"allow":["GET"]}}],"collection":[{"href":"https:\/\/zjarr.tv\/sq\/wp-json\/wp\/v2\/posts"}],"about":[{"href":"https:\/\/zjarr.tv\/sq\/wp-json\/wp\/v2\/types\/post"}],"author":[{"embeddable":true,"href":"https:\/\/zjarr.tv\/sq\/wp-json\/wp\/v2\/users\/2013"}],"replies":[{"embeddable":true,"href":"https:\/\/zjarr.tv\/sq\/wp-json\/wp\/v2\/comments?post=122710"}],"version-history":[{"count":0,"href":"https:\/\/zjarr.tv\/sq\/wp-json\/wp\/v2\/posts\/122710\/revisions"}],"wp:featuredmedia":[{"embeddable":true,"href":"https:\/\/zjarr.tv\/sq\/wp-json\/wp\/v2\/media\/65949"}],"wp:attachment":[{"href":"https:\/\/zjarr.tv\/sq\/wp-json\/wp\/v2\/media?parent=122710"}],"wp:term":[{"taxonomy":"category","embeddable":true,"href":"https:\/\/zjarr.tv\/sq\/wp-json\/wp\/v2\/categories?post=122710"},{"taxonomy":"post_tag","embeddable":true,"href":"https:\/\/zjarr.tv\/sq\/wp-json\/wp\/v2\/tags?post=122710"}],"curies":[{"name":"wp","href":"https:\/\/api.w.org\/{rel}","templated":true}]}}