{"id":122718,"date":"2020-02-25T15:03:36","date_gmt":"2020-02-25T14:03:36","guid":{"rendered":"https:\/\/zjarr.tv\/?p=122718"},"modified":"2020-02-25T15:03:36","modified_gmt":"2020-02-25T14:03:36","slug":"koronavirusi-edi-rama-sulmon-median-injorante-dembele-maskarenj","status":"publish","type":"post","link":"https:\/\/zjarr.tv\/sq\/koronavirusi-edi-rama-sulmon-median-injorante-dembele-maskarenj\/","title":{"rendered":"Koronavirusi\/ Edi Rama sulmon median: Injorant\u00eb, dembel\u00eb, maskarenj!"},"content":{"rendered":"<p>Kryeministri Edi Rama ka sulmuar median dhe opozit\u00ebn, me nj\u00eb fjalor banal, p\u00ebr m\u00ebnyr\u00ebn si po pasqyrohet situata lidhur me koronavirusin.<\/p>\n<p>Postimi i Edi Ram\u00ebs:<\/p>\n<p>Koronavirusi nuk luftohet me politik\u00eb, as me gjithollogji dhe aq m\u00eb pak me frik\u00eb dhe l\u00ebre pastaj me panik!<\/p>\n<p>Ne kemi qysh momentin e par\u00eb t\u00eb shfaqjes s\u00eb tij q\u00eb p\u00ebrgatitemi, n\u00eb bashk\u00ebpunim t\u00eb ngusht\u00eb me Organizat\u00ebn Bot\u00ebrore t\u00eb Sh\u00ebndet\u00ebsis\u00eb.<\/p>\n<p>Kemi b\u00ebr\u00eb e po b\u00ebjm\u00eb \u00e7do gj\u00eb sipas planit\u2026<\/p>\n<p>Fatkeq\u00ebsisht ky vend n\u00eb \u00e7do v\u00ebshtir\u00ebsi a fatkeq\u00ebsi natyrore ose emergjenc\u00eb sh\u00ebndet\u00ebsore q\u00eb shfaqet, duhet t\u00eb p\u00ebrballet dhe me fatkeq\u00ebsin\u00eb e tij t\u00eb t\u00eb madhe t\u00eb kanaleve e portaleve ku lul\u00ebzon injoranca, lig\u00ebsia, dembelizmi e gryk\u00ebsia e maskarall\u00ebkut q\u00eb n\u00eb k\u00ebto raste b\u00ebhet \u00e7njer\u00ebzor..<\/p>\n<p>Dhe n\u00eb krye t\u00eb t\u00eb t\u00ebr\u00eb delenxhinjve e parazit\u00ebve q\u00eb l\u00ebshohen mbi publikun n\u00eb nevoj\u00eb p\u00ebr informacion, kan\u00eb dal\u00eb p\u00ebrs\u00ebri, si gjithnj\u00eb, politikan\u00ebt e s\u00eb keqes q\u00eb duan kaos, rr\u00ebmuj\u00eb, d\u00ebshp\u00ebrim, n\u00eb p\u00ebrpjekjen e d\u00ebshp\u00ebruar p\u00ebr t\u00eb kthyer t\u00eb shkuar\u00ebn q\u00eb i ka marr\u00eb me vete p\u00ebrgjithnj\u00eb!<\/p>\n","protected":false},"excerpt":{"rendered":"<p>Kryeministri Edi Rama ka sulmuar median dhe opozit\u00ebn, me nj\u00eb fjalor banal, p\u00ebr m\u00ebnyr\u00ebn si po pasqyrohet situata lidhur me koronavirusin. Postimi i Edi Ram\u00ebs: Koronavirusi nuk luftohet me politik\u00eb, as me gjithollogji dhe aq m\u00eb pak me frik\u00eb dhe l\u00ebre pastaj me panik! Ne kemi qysh momentin e par\u00eb t\u00eb shfaqjes s\u00eb tij q\u00eb [&hellip;]<\/p>\n","protected":false},"author":2013,"featured_media":0,"comment_status":"open","ping_status":"closed","sticky":false,"template":"","format":"standard","meta":{"footnotes":""},"categories":[241,235],"tags":[],"class_list":{"0":"post-122718","1":"post","2":"type-post","3":"status-publish","4":"format-standard","6":"category-aktualitet","7":"category-vendi"},"_links":{"self":[{"href":"https:\/\/zjarr.tv\/sq\/wp-json\/wp\/v2\/posts\/122718","targetHints":{"allow":["GET"]}}],"collection":[{"href":"https:\/\/zjarr.tv\/sq\/wp-json\/wp\/v2\/posts"}],"about":[{"href":"https:\/\/zjarr.tv\/sq\/wp-json\/wp\/v2\/types\/post"}],"author":[{"embeddable":true,"href":"https:\/\/zjarr.tv\/sq\/wp-json\/wp\/v2\/users\/2013"}],"replies":[{"embeddable":true,"href":"https:\/\/zjarr.tv\/sq\/wp-json\/wp\/v2\/comments?post=122718"}],"version-history":[{"count":0,"href":"https:\/\/zjarr.tv\/sq\/wp-json\/wp\/v2\/posts\/122718\/revisions"}],"wp:attachment":[{"href":"https:\/\/zjarr.tv\/sq\/wp-json\/wp\/v2\/media?parent=122718"}],"wp:term":[{"taxonomy":"category","embeddable":true,"href":"https:\/\/zjarr.tv\/sq\/wp-json\/wp\/v2\/categories?post=122718"},{"taxonomy":"post_tag","embeddable":true,"href":"https:\/\/zjarr.tv\/sq\/wp-json\/wp\/v2\/tags?post=122718"}],"curies":[{"name":"wp","href":"https:\/\/api.w.org\/{rel}","templated":true}]}}