{"id":122720,"date":"2020-02-25T15:06:33","date_gmt":"2020-02-25T14:06:33","guid":{"rendered":"https:\/\/zjarr.tv\/?p=122720"},"modified":"2020-02-25T15:06:33","modified_gmt":"2020-02-25T14:06:33","slug":"rritja-e-cmimeve-te-maskave-nga-farmacite-prokuroria-nis-hetimet","status":"publish","type":"post","link":"https:\/\/zjarr.tv\/sq\/rritja-e-cmimeve-te-maskave-nga-farmacite-prokuroria-nis-hetimet\/","title":{"rendered":"Rritja e \u00e7mimeve t\u00eb maskave nga farmacit\u00eb, prokuroria nis hetimet"},"content":{"rendered":"<p>Prokuroria e Tiran\u00ebs ka nisur hetimet duke regjistruar procedim penal p\u00ebr \u201cManipulimi i tregut\u201d pas informacioneve ne media se disa farmaci kane rritur cmimet e maskave dhe produkteve me p\u00ebrmbajtje dezinfektuese te cilat qytetaret po i blejne si masa mbrojtese per koronavirusin qe ka shkaktuar nje gjendje paniku edhe ne vendin ton\u00eb.<\/p>\n<p>\u201cVijojm\u00eb t\u00eb ndjekim me interes t\u00eb shtuar, \u00e7do t\u00eb dh\u00ebn\u00eb n\u00eb raport me rastin konkret, duke k\u00ebrkuar mir\u00ebkuptimin dhe besimin e qytetar\u00ebve. Nga ana tjet\u00ebr, mir\u00ebpresim \u00e7do qytetar p\u00ebr informacionet q\u00eb mundet t\u00eb disponojn\u00eb\u201d, thuhet n\u00eb reagim.<\/p>\n<p><strong>NJOFTIM P\u00cbR SHTYP<\/strong><\/p>\n<p>Prokuroria Pran\u00eb Gjykat\u00ebs s\u00eb Shkall\u00ebs s\u00eb Par\u00eb, Tiran\u00eb, duke marr\u00eb shkas nga t\u00eb dh\u00ebnat e ndryshme t\u00eb b\u00ebra publike n\u00eb media si dhe nga administrimi i t\u00eb dh\u00ebnave operative n\u00eb lidhje me veprimet e disa farmacive n\u00eb drejtim t\u00eb rritjes s\u00eb \u00e7mimeve t\u00eb produkteve t\u00eb ndryshme ka regjistruar procedim penal p\u00ebr vepr\u00ebn penale t\u00eb \u201cManipulimi i tregut\u201d parashikuar nga neni 143\/a\/1 i Kodit Penal.<\/p>\n<p>Aktualisht jemi n\u00eb faz\u00ebn e mbledhjes s\u00eb informacioneve t\u00eb nevojshme p\u00ebr evidentimin dhe dokumentimin e t\u00eb gjitha rasteve, n\u00eb t\u00eb cilat dyshohet se disa subjekte n\u00eb m\u00ebnyr\u00eb abuzive dhe t\u00eb paligjshme kan\u00eb rritur \u00e7mimet mbi produkte te ndryshme (maska mbrojt\u00ebse, produkte me p\u00ebrmbajtje dezinfektuese, etj), duke p\u00ebrfituar nga situata e krijuar p\u00ebr shkak t\u00eb interesimit, n\u00eb rang t\u00eb marrjes s\u00eb masave kund\u00ebr Coronavirusit, n\u00eb d\u00ebm t\u00eb interesave t\u00eb ligjshme, dhe n\u00eb shkelje t\u00eb normave ligjore.<\/p>\n<p>Duke treguar impenjimin maksimal t\u00eb prokuroris\u00eb, n\u00eb trajtimin e rasteve t\u00eb tilla, sjellim n\u00eb v\u00ebmendjen e qytetar\u00ebve se \u00e7do paraqitje jo e sakt\u00eb, me dashje, e vler\u00ebs s\u00eb nj\u00eb malli, sh\u00ebrbimi apo paraje, me q\u00ebllim \u00e7rregullimin e funskionimit t\u00eb lir\u00eb dhe drejt\u00eb t\u00eb tregut, \u00ebsht\u00eb penalisht e d\u00ebnueshme.<\/p>\n<p>Vijojm\u00eb t\u00eb ndjekim me interes t\u00eb shtuar, \u00e7do t\u00eb dh\u00ebn\u00eb n\u00eb raport me rastin konkret, duke k\u00ebrkuar mir\u00ebkuptimin dhe besimin e qytetar\u00ebve. Nga ana tjet\u00ebr, mir\u00ebpresim \u00e7do qytetar p\u00ebr informacionet q\u00eb mundet t\u00eb disponojn\u00eb.<\/p>\n","protected":false},"excerpt":{"rendered":"<p>Prokuroria e Tiran\u00ebs ka nisur hetimet duke regjistruar procedim penal p\u00ebr \u201cManipulimi i tregut\u201d pas informacioneve ne media se disa farmaci kane rritur cmimet e maskave dhe produkteve me p\u00ebrmbajtje dezinfektuese te cilat qytetaret po i blejne si masa mbrojtese per koronavirusin qe ka shkaktuar nje gjendje paniku edhe ne vendin ton\u00eb. \u201cVijojm\u00eb t\u00eb ndjekim [&hellip;]<\/p>\n","protected":false},"author":2013,"featured_media":122721,"comment_status":"open","ping_status":"closed","sticky":false,"template":"","format":"standard","meta":{"footnotes":""},"categories":[241,235],"tags":[],"class_list":{"0":"post-122720","1":"post","2":"type-post","3":"status-publish","4":"format-standard","5":"has-post-thumbnail","7":"category-aktualitet","8":"category-vendi"},"_links":{"self":[{"href":"https:\/\/zjarr.tv\/sq\/wp-json\/wp\/v2\/posts\/122720","targetHints":{"allow":["GET"]}}],"collection":[{"href":"https:\/\/zjarr.tv\/sq\/wp-json\/wp\/v2\/posts"}],"about":[{"href":"https:\/\/zjarr.tv\/sq\/wp-json\/wp\/v2\/types\/post"}],"author":[{"embeddable":true,"href":"https:\/\/zjarr.tv\/sq\/wp-json\/wp\/v2\/users\/2013"}],"replies":[{"embeddable":true,"href":"https:\/\/zjarr.tv\/sq\/wp-json\/wp\/v2\/comments?post=122720"}],"version-history":[{"count":0,"href":"https:\/\/zjarr.tv\/sq\/wp-json\/wp\/v2\/posts\/122720\/revisions"}],"wp:featuredmedia":[{"embeddable":true,"href":"https:\/\/zjarr.tv\/sq\/wp-json\/wp\/v2\/media\/122721"}],"wp:attachment":[{"href":"https:\/\/zjarr.tv\/sq\/wp-json\/wp\/v2\/media?parent=122720"}],"wp:term":[{"taxonomy":"category","embeddable":true,"href":"https:\/\/zjarr.tv\/sq\/wp-json\/wp\/v2\/categories?post=122720"},{"taxonomy":"post_tag","embeddable":true,"href":"https:\/\/zjarr.tv\/sq\/wp-json\/wp\/v2\/tags?post=122720"}],"curies":[{"name":"wp","href":"https:\/\/api.w.org\/{rel}","templated":true}]}}