{"id":122723,"date":"2020-02-25T15:26:42","date_gmt":"2020-02-25T14:26:42","guid":{"rendered":"https:\/\/zjarr.tv\/?p=122723"},"modified":"2020-02-25T15:27:34","modified_gmt":"2020-02-25T14:27:34","slug":"sot-ne-rome-takim-krize-i-ministrave-te-shendetesise-se-vendeve-fqinje","status":"publish","type":"post","link":"https:\/\/zjarr.tv\/sq\/sot-ne-rome-takim-krize-i-ministrave-te-shendetesise-se-vendeve-fqinje\/","title":{"rendered":"Sot n\u00eb Rom\u00eb, takim krize i ministrave t\u00eb Sh\u00ebndet\u00ebsis\u00eb s\u00eb vendeve fqinje"},"content":{"rendered":"<p>Vazhdon p\u00ebrhapja e virusit Korona. Krahas Italis\u00eb q\u00eb njoftoi 283 raste infektimi, edhe Austria e Kroacia njoftuan rastet e para t\u00eb infeksioneve. N\u00eb Rom\u00eb mblidhen ministrat e Sh\u00ebndet\u00ebsis\u00eb t\u00eb vendeve fqinje me Italin\u00eb.<\/p>\n<p>Lajmet p\u00ebr p\u00ebrhapjen e shpejt\u00eb t\u00eb virusit Korona ndryshojn\u00eb me or\u00eb. S\u00eb fundmi b\u00ebhet e ditur, se edhe z\u00ebvend\u00ebsministri i Sh\u00ebndet\u00ebsis\u00eb s\u00eb Iranit \u00ebsht\u00eb i infektuar me virusin Korona.<\/p>\n<p>M\u00eb par\u00eb Austria kishte njoftuar dy\u00a0 raste nt\u00eb infektimit n\u00eb Tirol. Edhe Kroacia ka njoftuar p\u00ebr rastin e par\u00eb t\u00eb infektimit, sipas kryeministrit, Andrej Plenkovic. Turqia ka izoluar 132 vet\u00eb n\u00eb bordin e nj\u00eb avioni t\u00eb ardhur nga Irani p\u00ebr shkak t\u00eb dyshimit p\u00ebr persona t\u00eb infektuar.<\/p>\n<div id=\"rekl-13\">\n<div id=\"__sap-ad-15\" class=\"__sap-ads __sap-html tracked\" data-title=\"Credins desktop Brenda lajmit 08\">\n<div id=\"beacon_1785e6b35e\"><img loading=\"lazy\" decoding=\"async\" src=\"https:\/\/ads1.medium.al\/www\/delivery\/lg.php?bannerid=522&amp;campaignid=76&amp;zoneid=232&amp;loc=https%3A%2F%2Fwww.syri.net%2Fpolitike%2F318639%2Fsot-ne-rome-takim-krize-i-ministrave-te-shendetesise-se-vendeve-fqinje%2F&amp;referer=https%3A%2F%2Fwww.syri.net%2Flajme%2F&amp;cb=1785e6b35e\" alt=\"\" width=\"0\" height=\"0\" \/>N\u00eb nj\u00eb hotel n\u00eb Tenerifa n\u00eb Spanj\u00eb jan\u00eb izoluar disa qindra vet\u00eb p\u00ebr shkak t\u00eb dyshimit p\u00ebr raste t\u00eb infeksioneve me virusin Korona. N\u00eb Itali krahas m\u00eb shum\u00eb se 280 rasteve t\u00eb infektimit n\u00eb veri, \u00ebsht\u00eb konfirmuar edhe nj\u00eb rast infeksioni n\u00eb Sicili. Italia ka reagur me masa drakoniane duke izoluar disa zona n\u00eb veri p\u00ebr t\u00eb penguar p\u00ebrhapjen e virusit.<\/div>\n<p>Nd\u00ebrkoh\u00eb n\u00eb Rom\u00eb zhvillohet t\u00eb mart\u00ebn mbasdite nj\u00eb takim krize i ministrave t\u00eb Sh\u00ebndet\u00ebsis\u00eb t\u00eb disa vendeve t\u00eb BE q\u00eb jan\u00eb af\u00ebr Italis\u00eb.<\/p>\n<\/div>\n<\/div>\n<p>Italia ka ftuar n\u00eb k\u00ebt\u00eb takim p\u00ebr t\u00eb koordinuar veprimet p\u00ebr p\u00ebrhapjen kaq t\u00eb shpejt\u00eb t\u00eb virusit n\u00eb Europ\u00eb.<\/p>\n<p>Ministri gjerman i Sh\u00ebndet\u00ebsis\u00eb, Jens Spahn \u00ebsht\u00eb shprehur, se virusi nuk ndal n\u00eb kufijt\u00eb e vendeve. Spahn pret raste t\u00eb tjera t\u00eb virusit Korona edhe n\u00eb Gjermani, ku aktualisht jan\u00eb regjistruar 16 vet\u00eb t\u00eb infekuar.<\/p>\n<p>Nd\u00ebkoh\u00eb nj\u00eb virolog ka kritikuar n\u00eb mediat gjermane m\u00ebnyr\u00ebn e veprimit t\u00eb qeveris\u00eb gjermane. Alexander Kukele tha p\u00ebr Deutschlandfunk, se ministri i Sh\u00ebndet\u00ebsis\u00eb, Jens Spahn e n\u00ebnvler\u00ebson rrrezikun n\u00eb p\u00ebrhapjen e virusit Korona dhe e paraqet shum\u00eb m\u00eb pak t\u00eb rreziksh\u00ebm se nj\u00eb grip. Por n\u00ebse vdekshm\u00ebria tek gripi \u00ebsht\u00eb 0,1% n\u00eb rastet e virusit Korona \u00ebsht\u00eb m\u00eb e lart\u00eb, 0,5-1,5%.<\/p>\n<p>&#8220;Kjo do t\u00eb thot\u00eb, se p\u00ebr ata q\u00eb infektohen, virusi \u00ebsht\u00eb 10 her\u00eb m\u00eb i rreziksh\u00ebm&#8221;, ka th\u00ebn\u00eb Kukele. Virusi Korona mund t\u00eb jet\u00eb vdekjeprur\u00ebs jo vet\u00ebm p\u00ebr pleqt\u00eb, si n\u00eb rastin e gripit, por edhe p\u00ebr njer\u00ebzit n\u00eb mosh\u00ebn e mesme.<\/p>\n","protected":false},"excerpt":{"rendered":"<p>Vazhdon p\u00ebrhapja e virusit Korona. Krahas Italis\u00eb q\u00eb njoftoi 283 raste infektimi, edhe Austria e Kroacia njoftuan rastet e para t\u00eb infeksioneve. N\u00eb Rom\u00eb mblidhen ministrat e Sh\u00ebndet\u00ebsis\u00eb t\u00eb vendeve fqinje me Italin\u00eb. Lajmet p\u00ebr p\u00ebrhapjen e shpejt\u00eb t\u00eb virusit Korona ndryshojn\u00eb me or\u00eb. S\u00eb fundmi b\u00ebhet e ditur, se edhe z\u00ebvend\u00ebsministri i Sh\u00ebndet\u00ebsis\u00eb s\u00eb [&hellip;]<\/p>\n","protected":false},"author":2013,"featured_media":90010,"comment_status":"open","ping_status":"closed","sticky":false,"template":"","format":"standard","meta":{"footnotes":""},"categories":[241,2],"tags":[],"class_list":{"0":"post-122723","1":"post","2":"type-post","3":"status-publish","4":"format-standard","5":"has-post-thumbnail","7":"category-aktualitet","8":"category-rajoni"},"_links":{"self":[{"href":"https:\/\/zjarr.tv\/sq\/wp-json\/wp\/v2\/posts\/122723","targetHints":{"allow":["GET"]}}],"collection":[{"href":"https:\/\/zjarr.tv\/sq\/wp-json\/wp\/v2\/posts"}],"about":[{"href":"https:\/\/zjarr.tv\/sq\/wp-json\/wp\/v2\/types\/post"}],"author":[{"embeddable":true,"href":"https:\/\/zjarr.tv\/sq\/wp-json\/wp\/v2\/users\/2013"}],"replies":[{"embeddable":true,"href":"https:\/\/zjarr.tv\/sq\/wp-json\/wp\/v2\/comments?post=122723"}],"version-history":[{"count":0,"href":"https:\/\/zjarr.tv\/sq\/wp-json\/wp\/v2\/posts\/122723\/revisions"}],"wp:featuredmedia":[{"embeddable":true,"href":"https:\/\/zjarr.tv\/sq\/wp-json\/wp\/v2\/media\/90010"}],"wp:attachment":[{"href":"https:\/\/zjarr.tv\/sq\/wp-json\/wp\/v2\/media?parent=122723"}],"wp:term":[{"taxonomy":"category","embeddable":true,"href":"https:\/\/zjarr.tv\/sq\/wp-json\/wp\/v2\/categories?post=122723"},{"taxonomy":"post_tag","embeddable":true,"href":"https:\/\/zjarr.tv\/sq\/wp-json\/wp\/v2\/tags?post=122723"}],"curies":[{"name":"wp","href":"https:\/\/api.w.org\/{rel}","templated":true}]}}