{"id":122733,"date":"2020-02-25T15:44:08","date_gmt":"2020-02-25T14:44:08","guid":{"rendered":"https:\/\/zjarr.tv\/?p=122733"},"modified":"2020-02-25T15:44:08","modified_gmt":"2020-02-25T14:44:08","slug":"padia-e-ilir-beqajt-per-qeverine-berisha-se-i-hoqi-mandatin-gjykata-e-strasburgut-i-dergon-3-pyetje-shtetit-shqiptar","status":"publish","type":"post","link":"https:\/\/zjarr.tv\/sq\/padia-e-ilir-beqajt-per-qeverine-berisha-se-i-hoqi-mandatin-gjykata-e-strasburgut-i-dergon-3-pyetje-shtetit-shqiptar\/","title":{"rendered":"Padia e Ilir Beqajt p\u00ebr qeverin\u00eb \u201cBerisha\u201d se i hoqi mandatin, Gjykata e Strasburgut i d\u00ebrgon 3 pyetje shtetit shqiptar"},"content":{"rendered":"<p>Rikthehet n\u00eb v\u00ebmendje padia e deputetit socialist Ilir Beqja, t\u00eb cilit iu hoq mandati n\u00eb vitin 2011, n\u00ebn akuz\u00ebn se ka p\u00ebrfunduar nga fondet publike. M\u00ebsohet se Gjykata e Strasburgut i ka d\u00ebrguar shtetit shqiptar disa pyetjet p\u00ebr padin\u00eb n\u00eb fjal\u00eb. \u2018BallkanWeb\u2019 ka siguruar k\u00ebrkes\u00ebn e Strasburgut n\u00eb t\u00eb cil\u00ebn parashtrohet q\u00eb shteti shqiptar t\u00eb jap\u00eb llogari p\u00ebr \u00e7\u00ebshtjen, duke iu p\u00ebrgjigjur 3 pyetjeve.<\/p>\n<p><strong>Heqja e mandatit<\/strong><br \/>\nN\u00eb tetor t\u00eb vitit 2011 Komisioni Qendror i Zgjedhjeve vendosi q\u00eb t\u2019i heq mandatin Beqajt. Nd\u00ebrkoh\u00eb q\u00eb nj\u00eb vit pasi iu hoq mandati, n\u00eb 2012-\u00ebn, Ilir Beqja paditi qeverin\u00eb \u2018Berisha\u2019 n\u00eb Gjykat\u00ebn e Strasburgut. Ai e kishte fituar mandatin n\u00eb zgjedhjet e 2009-\u00ebs, nd\u00ebrsa<br \/>\nnj\u00eb vit m\u00eb von\u00eb Kuvendi d\u00ebrgoi n\u00eb Gjykat\u00ebn Kushtetuese k\u00ebrkes\u00ebn p\u00ebr ta shkarkuar at\u00eb nga ky post. Kujtojm\u00eb n\u00ebse Ilir Beqja del fitues nga ky proces gjyq\u00ebsor, atij do i njihen 3 vitet e heqjes s\u00eb mandatit.<\/p>\n<p><strong>Pyetjet e Gjykat\u00ebs s\u00eb Strasburgut<\/strong><br \/>\n-A ishte i ligjsh\u00ebm vendimi i Parlamentit p\u00ebr t\u00eb b\u00ebr\u00eb nj\u00eb k\u00ebrkes\u00eb t\u00eb referimit n\u00eb Gjykat\u00ebn Kushtetuese? N\u00eb ve\u00e7anti, ishte vendimi i marr\u00eb n\u00eb p\u00ebrputhje me nenin 78\/ 1 t\u00eb Kushtetut\u00ebs, si\u00e7 u interpretua me vendimin nr. 29\/2009?<\/p>\n<p>-A ishte i parashikuesh\u00ebm interpretimi i Gjykat\u00ebs Kushtetuese t\u00eb nenit 70\/ 3 t\u00eb Kushtetut\u00ebs?<\/p>\n<p>Pal\u00ebt jan\u00eb t\u00eb ftuara t\u00eb japin informacione mbi sfondin dhe \u00e7do interpretim ose komentim doktrinor p\u00ebr q\u00ebllimin dhe zbatimin e nenit 70\/ 3 t\u00eb Kushtetut\u00ebs.<\/p>\n<p>\u2013 A dha Gjykata Kushtetuese arsye t\u00eb mjaftueshme p\u00ebr t\u00eb gjetur se k\u00ebrkuesi kishte shkelur k\u00ebrkesat e nenit 70 \u00a7 3 t\u00eb Kushtetut\u00ebs?<\/p>\n","protected":false},"excerpt":{"rendered":"<p>Rikthehet n\u00eb v\u00ebmendje padia e deputetit socialist Ilir Beqja, t\u00eb cilit iu hoq mandati n\u00eb vitin 2011, n\u00ebn akuz\u00ebn se ka p\u00ebrfunduar nga fondet publike. M\u00ebsohet se Gjykata e Strasburgut i ka d\u00ebrguar shtetit shqiptar disa pyetjet p\u00ebr padin\u00eb n\u00eb fjal\u00eb. \u2018BallkanWeb\u2019 ka siguruar k\u00ebrkes\u00ebn e Strasburgut n\u00eb t\u00eb cil\u00ebn parashtrohet q\u00eb shteti shqiptar t\u00eb [&hellip;]<\/p>\n","protected":false},"author":2013,"featured_media":122734,"comment_status":"open","ping_status":"closed","sticky":false,"template":"","format":"standard","meta":{"footnotes":""},"categories":[241,235],"tags":[],"class_list":{"0":"post-122733","1":"post","2":"type-post","3":"status-publish","4":"format-standard","5":"has-post-thumbnail","7":"category-aktualitet","8":"category-vendi"},"_links":{"self":[{"href":"https:\/\/zjarr.tv\/sq\/wp-json\/wp\/v2\/posts\/122733","targetHints":{"allow":["GET"]}}],"collection":[{"href":"https:\/\/zjarr.tv\/sq\/wp-json\/wp\/v2\/posts"}],"about":[{"href":"https:\/\/zjarr.tv\/sq\/wp-json\/wp\/v2\/types\/post"}],"author":[{"embeddable":true,"href":"https:\/\/zjarr.tv\/sq\/wp-json\/wp\/v2\/users\/2013"}],"replies":[{"embeddable":true,"href":"https:\/\/zjarr.tv\/sq\/wp-json\/wp\/v2\/comments?post=122733"}],"version-history":[{"count":0,"href":"https:\/\/zjarr.tv\/sq\/wp-json\/wp\/v2\/posts\/122733\/revisions"}],"wp:featuredmedia":[{"embeddable":true,"href":"https:\/\/zjarr.tv\/sq\/wp-json\/wp\/v2\/media\/122734"}],"wp:attachment":[{"href":"https:\/\/zjarr.tv\/sq\/wp-json\/wp\/v2\/media?parent=122733"}],"wp:term":[{"taxonomy":"category","embeddable":true,"href":"https:\/\/zjarr.tv\/sq\/wp-json\/wp\/v2\/categories?post=122733"},{"taxonomy":"post_tag","embeddable":true,"href":"https:\/\/zjarr.tv\/sq\/wp-json\/wp\/v2\/tags?post=122733"}],"curies":[{"name":"wp","href":"https:\/\/api.w.org\/{rel}","templated":true}]}}