{"id":122736,"date":"2020-02-25T15:50:00","date_gmt":"2020-02-25T14:50:00","guid":{"rendered":"https:\/\/zjarr.tv\/?p=122736"},"modified":"2020-02-25T15:50:00","modified_gmt":"2020-02-25T14:50:00","slug":"koronavirusi-mberrin-edhe-ne-jug-te-italise-boshatisen-supermarketet","status":"publish","type":"post","link":"https:\/\/zjarr.tv\/sq\/koronavirusi-mberrin-edhe-ne-jug-te-italise-boshatisen-supermarketet\/","title":{"rendered":"Koronavirusi mb\u00ebrrin edhe n\u00eb jug t\u00eb Italis\u00eb, boshatisen supermarketet"},"content":{"rendered":"<p>Italia konfirmoi rastin e saj t\u00eb par\u00eb t\u00eb koronavirusit n\u00eb Jug t\u00eb vendit, pasi nj\u00eb pushuese nga veriu u s\u00ebmur, nd\u00ebrsa ishte duke vizituar Sicilin\u00eb, me burrin dhe miqt\u00eb e saj, shkruan \u201cDaily Mail\u201d.<\/p>\n<p>Gruaja 66-vje\u00e7are, nga Bergamo, udh\u00ebtoi p\u00ebr n\u00eb kryeqendr\u00ebn si\u00e7iliane t\u00eb Palermos t\u00eb premten n\u00eb m\u00ebngjes, p\u00ebrpara se rajoni i vendlindjes s\u00eb saj, Lombardia, t\u00eb vendosej n\u00eb karantin\u00eb, pas rritjeve t\u00eb rasteve.<\/p>\n<p>Ajo pati simptoma t\u00eb ngjashme me gripin, rreth or\u00ebs 02:30 t\u00eb s\u00eb h\u00ebn\u00ebs dhe u vendos n\u00eb karantin\u00eb n\u00eb dhom\u00ebn e saj n\u00eb hotelin \u201cMercure\u201d, n\u00eb qend\u00ebr t\u00eb qytetit, para se t\u00eb d\u00ebrgohej n\u00eb spital, ku pas testit rezultoi pozitive.<\/p>\n<p>Kryebashkiaku i Palermos, Leoluca Orlando, tha se hoteli q\u00ebndron i hapur, por dhoma e gruas \u00ebsht\u00eb e vendosur n\u00eb kushtet e siguris\u00eb. 29 persona t\u00eb tjer\u00eb q\u00eb arrit\u00ebn me t\u00eb nga Bergamo jan\u00eb karantinuar n\u00eb dhomat e tyre, nd\u00ebrsa 20 an\u00ebtar\u00eb t\u00eb stafit jan\u00eb gjithashtu n\u00eb regjim karantine.<\/p>\n<p>Lajmet q\u00eb, infeksioni ishte p\u00ebrhapur shkaktoi panik n\u00eb Palermo, nd\u00ebrsa bler\u00ebsit boshatis\u00ebn raftet e supermarketeve, dhe po ashtu kryen blerje t\u00eb shumta medikamentesh n\u00eb farmaci.<\/p>\n<p>Italia ka konfirmuar deri tani 59 raste t\u00eb reja t\u00eb koronavirusit n\u00eb t\u00eb gjith\u00eb vendin, duke e \u00e7uar n\u00eb 288\u00a0 numrin e tyre gjithsej, me shtat\u00eb t\u00eb vdekur, nd\u00ebrkoh\u00eb q\u00eb nj\u00eb person u sh\u00ebrua.<\/p>\n<p>Austria dhe Kroacia konfirmuan gjithashtu rastet e tyre t\u00eb para t\u00eb s\u00ebmundjes, t\u00eb personave t\u00eb cil\u00ebt kishin ardhur nga Italia.<\/p>\n","protected":false},"excerpt":{"rendered":"<p>Italia konfirmoi rastin e saj t\u00eb par\u00eb t\u00eb koronavirusit n\u00eb Jug t\u00eb vendit, pasi nj\u00eb pushuese nga veriu u s\u00ebmur, nd\u00ebrsa ishte duke vizituar Sicilin\u00eb, me burrin dhe miqt\u00eb e saj, shkruan \u201cDaily Mail\u201d. Gruaja 66-vje\u00e7are, nga Bergamo, udh\u00ebtoi p\u00ebr n\u00eb kryeqendr\u00ebn si\u00e7iliane t\u00eb Palermos t\u00eb premten n\u00eb m\u00ebngjes, p\u00ebrpara se rajoni i vendlindjes s\u00eb [&hellip;]<\/p>\n","protected":false},"author":2013,"featured_media":122737,"comment_status":"open","ping_status":"closed","sticky":false,"template":"","format":"standard","meta":{"footnotes":""},"categories":[241,2],"tags":[],"class_list":{"0":"post-122736","1":"post","2":"type-post","3":"status-publish","4":"format-standard","5":"has-post-thumbnail","7":"category-aktualitet","8":"category-rajoni"},"_links":{"self":[{"href":"https:\/\/zjarr.tv\/sq\/wp-json\/wp\/v2\/posts\/122736","targetHints":{"allow":["GET"]}}],"collection":[{"href":"https:\/\/zjarr.tv\/sq\/wp-json\/wp\/v2\/posts"}],"about":[{"href":"https:\/\/zjarr.tv\/sq\/wp-json\/wp\/v2\/types\/post"}],"author":[{"embeddable":true,"href":"https:\/\/zjarr.tv\/sq\/wp-json\/wp\/v2\/users\/2013"}],"replies":[{"embeddable":true,"href":"https:\/\/zjarr.tv\/sq\/wp-json\/wp\/v2\/comments?post=122736"}],"version-history":[{"count":0,"href":"https:\/\/zjarr.tv\/sq\/wp-json\/wp\/v2\/posts\/122736\/revisions"}],"wp:featuredmedia":[{"embeddable":true,"href":"https:\/\/zjarr.tv\/sq\/wp-json\/wp\/v2\/media\/122737"}],"wp:attachment":[{"href":"https:\/\/zjarr.tv\/sq\/wp-json\/wp\/v2\/media?parent=122736"}],"wp:term":[{"taxonomy":"category","embeddable":true,"href":"https:\/\/zjarr.tv\/sq\/wp-json\/wp\/v2\/categories?post=122736"},{"taxonomy":"post_tag","embeddable":true,"href":"https:\/\/zjarr.tv\/sq\/wp-json\/wp\/v2\/tags?post=122736"}],"curies":[{"name":"wp","href":"https:\/\/api.w.org\/{rel}","templated":true}]}}