{"id":122747,"date":"2020-02-25T16:22:06","date_gmt":"2020-02-25T15:22:06","guid":{"rendered":"https:\/\/zjarr.tv\/?p=122747"},"modified":"2020-02-25T16:22:06","modified_gmt":"2020-02-25T15:22:06","slug":"bashkia-e-tiranes-rrit-ndjeshem-detyrimet-per-biznesin-e-vogel","status":"publish","type":"post","link":"https:\/\/zjarr.tv\/sq\/bashkia-e-tiranes-rrit-ndjeshem-detyrimet-per-biznesin-e-vogel\/","title":{"rendered":"Bashkia e Tiran\u00ebs rrit ndjesh\u00ebm detyrimet p\u00ebr biznesin e vog\u00ebl"},"content":{"rendered":"<p><em>Bizneset e vogla n\u00eb tiran\u00eb do t\u00eb paguajn\u00eb 62 p\u00ebr qind m\u00eb shum\u00eb taks\u00eb gjelb\u00ebrimi. Bashkia e Tiran\u00ebs n\u00eb relacionin p\u00ebr k\u00ebt\u00eb vendim shprehet se shkak \u00ebsht\u00eb rritja e kostos s\u00eb menaxhimit t\u00eb mbetjeve. Por n\u00eb shp\u00ebrndarjen e barr\u00ebs fiskale vihet re q\u00eb biznesi I mes\u00ebm dhe I madh do t\u00eb ket\u00eb nj\u00eb rritje me vet\u00ebm 15 p\u00ebr qind.<\/em><\/p>\n<p><em>&#8220;Kjo gazet\u00eb kushton 30 lek\u00eb, ne flasim p\u00ebr 20 lek\u00eb, pra m\u00eb pak se \u00e7mimi i nj\u00eb gazete&#8221;<\/em><\/p>\n<p>Por tashm\u00eb kafet e shtuara n\u00eb kurriz t\u00eb biznesit jan\u00eb b\u00ebr\u00eb shum\u00eb.<\/p>\n<p>N\u00eb fund t\u00eb muajit dhjetor bashkia e Tiran\u00ebs ka vendosur t\u00eb rris\u00eb deri n\u00eb 62 p\u00ebr qind taks\u00ebn e gjelb\u00ebrimit. Edhe pse n\u00eb marrjen e mandatit \u00a0kryebashkiaku Veliaj premtoi se do t\u00eb konsultohej p\u00ebr vendimet e r\u00ebnd\u00ebsishme gjith\u00e7ka \u00ebsht\u00eb b\u00ebr\u00eb n\u00eb m\u00ebnyr\u00eb t\u00eb papritur.<\/p>\n<p>Sipas vendimit, bizneset e vogla me xhiro nga 0 deri n\u00eb 20 milion\u00eb lek\u00eb n\u00eb vit do t\u00eb ken\u00eb ngarkes\u00ebn m\u00eb t\u00eb madhe me nj\u00eb shtes\u00eb prej 62 p\u00ebr qind.<\/p>\n<p>Dyqanet e shitjes me pakic\u00eb, ushqimore, bar kafe, farmaci dhe shum\u00eb subjekte t\u00eb tjera duke nisur nga janari do t\u00eb duhet t\u00eb p\u00ebrballojn\u00eb edhe k\u00ebt\u00eb vler\u00eb t\u00eb shtuar.<\/p>\n<p>Nd\u00ebrkaq p\u00ebr t\u00eb nj\u00ebjt\u00ebt biznese por ato me xhiro deri n\u00eb 8 milion\u00eb, t\u00eb mesme dhe vip do t\u00eb duhet t\u00eb p\u00ebrballojn\u00eb nj\u00eb rritje me 15 p\u00ebr qind t\u00eb taks\u00ebs s\u00eb gjelb\u00ebrimit.<\/p>\n<p>Argument i bashkis\u00eb s\u00eb Tiran\u00ebs jan\u00eb kostot e rritura n\u00eb menaxhimin e mbetjeve n\u00eb kryeqytet. Edhe pse s\u00ebrish t\u00eb larta duket se Veliaj ka vendosur t\u00eb r\u00ebndoj\u00eb edhe me shum\u00eb dyqanet e vogla, ku familje t\u00eb t\u00ebra sigurojn\u00eb t\u00eb ardhura p\u00ebr mbijetes\u00eb.<\/p>\n<p>Nga rritja me 62 p\u00ebr qind t\u00eb taks\u00ebs s\u00eb gjelb\u00ebrimit p\u00ebrjashtohen sh\u00ebrbimet. P\u00ebr ta shtesa do t\u00eb shkoj\u00eb n\u00eb rreth 14 p\u00ebr qind nga taksa aktuale q\u00eb \u00ebsht\u00eb shkon n\u00eb 4 mij\u00eb lek\u00eb deri n\u00eb 5759 lek\u00eb.<\/p>\n","protected":false},"excerpt":{"rendered":"<p>Bizneset e vogla n\u00eb tiran\u00eb do t\u00eb paguajn\u00eb 62 p\u00ebr qind m\u00eb shum\u00eb taks\u00eb gjelb\u00ebrimi. Bashkia e Tiran\u00ebs n\u00eb relacionin p\u00ebr k\u00ebt\u00eb vendim shprehet se shkak \u00ebsht\u00eb rritja e kostos s\u00eb menaxhimit t\u00eb mbetjeve. Por n\u00eb shp\u00ebrndarjen e barr\u00ebs fiskale vihet re q\u00eb biznesi I mes\u00ebm dhe I madh do t\u00eb ket\u00eb nj\u00eb rritje me [&hellip;]<\/p>\n","protected":false},"author":2013,"featured_media":88948,"comment_status":"open","ping_status":"closed","sticky":false,"template":"","format":"standard","meta":{"footnotes":""},"categories":[241,235],"tags":[],"class_list":{"0":"post-122747","1":"post","2":"type-post","3":"status-publish","4":"format-standard","5":"has-post-thumbnail","7":"category-aktualitet","8":"category-vendi"},"_links":{"self":[{"href":"https:\/\/zjarr.tv\/sq\/wp-json\/wp\/v2\/posts\/122747","targetHints":{"allow":["GET"]}}],"collection":[{"href":"https:\/\/zjarr.tv\/sq\/wp-json\/wp\/v2\/posts"}],"about":[{"href":"https:\/\/zjarr.tv\/sq\/wp-json\/wp\/v2\/types\/post"}],"author":[{"embeddable":true,"href":"https:\/\/zjarr.tv\/sq\/wp-json\/wp\/v2\/users\/2013"}],"replies":[{"embeddable":true,"href":"https:\/\/zjarr.tv\/sq\/wp-json\/wp\/v2\/comments?post=122747"}],"version-history":[{"count":0,"href":"https:\/\/zjarr.tv\/sq\/wp-json\/wp\/v2\/posts\/122747\/revisions"}],"wp:featuredmedia":[{"embeddable":true,"href":"https:\/\/zjarr.tv\/sq\/wp-json\/wp\/v2\/media\/88948"}],"wp:attachment":[{"href":"https:\/\/zjarr.tv\/sq\/wp-json\/wp\/v2\/media?parent=122747"}],"wp:term":[{"taxonomy":"category","embeddable":true,"href":"https:\/\/zjarr.tv\/sq\/wp-json\/wp\/v2\/categories?post=122747"},{"taxonomy":"post_tag","embeddable":true,"href":"https:\/\/zjarr.tv\/sq\/wp-json\/wp\/v2\/tags?post=122747"}],"curies":[{"name":"wp","href":"https:\/\/api.w.org\/{rel}","templated":true}]}}